{"id":155369,"date":"2010-11-18T22:19:17","date_gmt":"2010-11-18T22:19:17","guid":{"rendered":"http:\/\/diariodominicano.ddns.net\/?p=155369"},"modified":"2010-11-18T22:19:17","modified_gmt":"2010-11-18T22:19:17","slug":"declaran-en-rebeldia-a-colombiano-implicado-en-caso-arturo-del-tiempo","status":"publish","type":"post","link":"https:\/\/diariodominicano.com\/?p=155369","title":{"rendered":"Declaran en rebeld\u00eda  a Colombiano implicado en caso Arturo del Tiempo&#13;"},"content":{"rendered":"<p><body><\/p>\n<\/p>\n<\/p>\n<p><span class=\"text1noticias\">Santo Domingo.-El Segundo Tribunal Colegiado del Distrito Nacional declar\u00f3 hoy la rebeld\u00eda del colombiano Germ\u00e1n Duque Garc\u00eda, vinculado a Arturo del Tiempo M\u00e1rquez, propietario de la Torre Atiemar, preso en Espa\u00f1a por narcotr\u00e1fico.<\/span><\/p>\n<\/p>\n<p><span class=\"text1noticias\">La presidenta del Tribunal, Sarah Veras, adopt\u00f3 la decisi\u00f3n tras acoger un pedimento formulado en ese sentido por el  Departamento de Trafico de Drogas de la Fiscal\u00eda del Distrito Nacional, luego de que \u00e9ste dejara de acudir a firmar el libro de registro durante dos meses.<\/span><\/p>\n<\/p>\n<p><span class=\"text1noticias\">Conforme con el libro de registro del referido departamento Duque Garc\u00eda, acusado de lavado de activos, solo asisti\u00f3 a firmarlo dos veces: el 30 de julio y el 30 de agosto, \u00faltima ocasi\u00f3n en que cumpli\u00f3 con lo establecido en la coerci\u00f3n impuesta por el tribunal.<\/span><\/p>\n<\/p>\n<p><span class=\"text1noticias\">Hasta el momento las autoridades desconocen el paradero del \u00fanico imputado vinculado en el pa\u00eds a Arturo del Tiempo, preso en Espa\u00f1a por tr\u00e1fico de drogas.<\/span><\/p>\n<\/p>\n<p><span class=\"text1noticias\">La jueza suplente del S\u00e9ptimo Juzgado de la Instrucci\u00f3n, Natal\u00ed Nova Soto, dispuso la libertad del imputado, tras variar la medida de coerci\u00f3n de prisi\u00f3n preventiva por garant\u00eda econ\u00f3mica, impedimento de salida y presentaci\u00f3n peri\u00f3dica.<\/span><\/p>\n<\/p>\n<p><span class=\"text1noticias\">El fiscal del Distrito, Alejandro Moscoso Segarra, responsabiliz\u00f3 a la jueza que le vari\u00f3 la medida de coerci\u00f3n, y puntualiz\u00f3 que el Ministerio P\u00fablico, representado en ese caso por el fiscal adjunto Gede\u00f3n Plat\u00f3n sostuvo que el imputado representaba peligro de fuga, por lo que pidi\u00f3 presi\u00f3n preventiva contra \u00e9l.<\/span><\/p>\n<\/p>\n<h6> 2010-11-18 22:19:17 <\/h6>\n<p><!--\n<link rel=\"stylesheet\" href=\"css\/bootstrap.min.css\">\n\n\n<ul class=\"pagination\">\n\t    \n\t\n\n<li >\n\t<a href='?page_no=30536'>Previous<\/a>\n\t<\/li>\n\n\n       \n    \n\n<li><a href='?page_no=1'>1<\/a><\/li>\n\n\n\n<li><a href='?page_no=2'>2<\/a><\/li>\n\n\n\n<li><a>...<\/a><\/li>\n\n\n\n<li><a href='?page_no=30535'>30535<\/a><\/li>\n\n\n\n<li><a href='?page_no=30536'>30536<\/a><\/li>\n\n\n\n<li class='active'><a>30537<\/a><\/li>\n\n\n\n<li><a href='?page_no=30538'>30538<\/a><\/li>\n\n\n\n<li><a href='?page_no=30539'>30539<\/a><\/li>\n\n\n\n<li><a>...<\/a><\/li>\n\n\n\n<li><a href='?page_no=31963'>31963<\/a><\/li>\n\n\n\n<li><a href='?page_no=31964'>31964<\/a><\/li>\n\n    \n\t\n\n<li >\n\t<a href='?page_no=30538'>Next<\/a>\n\t<\/li>\n\n\n    \n\n<li><a href='?page_no=31964'>Last &rsaquo;&rsaquo;<\/a><\/li>\n\n<\/ul>\n\n\n--><br \/>\n<\/body><\/p>\n","protected":false},"excerpt":{"rendered":"<p>Santo Domingo.-El Segundo Tribunal Colegiado del Distrito Nacional declar\u00f3 hoy la rebeld\u00eda del colombiano Germ\u00e1n Duque Garc\u00eda, vinculado a Arturo del Tiempo M\u00e1rquez, propietario de la Torre Atiemar, preso en Espa\u00f1a por narcotr\u00e1fico. La presidenta del Tribunal, Sarah Veras, adopt\u00f3 la decisi\u00f3n tras acoger un pedimento formulado en ese sentido por el Departamento de Trafico [&hellip;]<\/p>\n","protected":false},"author":3,"featured_media":0,"comment_status":"open","ping_status":"open","sticky":false,"template":"","format":"standard","meta":{"footnotes":""},"categories":[24],"tags":[],"class_list":["post-155369","post","type-post","status-publish","format-standard","hentry","category-justicia-y-derecho"],"_links":{"self":[{"href":"https:\/\/diariodominicano.com\/index.php?rest_route=\/wp\/v2\/posts\/155369","targetHints":{"allow":["GET"]}}],"collection":[{"href":"https:\/\/diariodominicano.com\/index.php?rest_route=\/wp\/v2\/posts"}],"about":[{"href":"https:\/\/diariodominicano.com\/index.php?rest_route=\/wp\/v2\/types\/post"}],"author":[{"embeddable":true,"href":"https:\/\/diariodominicano.com\/index.php?rest_route=\/wp\/v2\/users\/3"}],"replies":[{"embeddable":true,"href":"https:\/\/diariodominicano.com\/index.php?rest_route=%2Fwp%2Fv2%2Fcomments&post=155369"}],"version-history":[{"count":0,"href":"https:\/\/diariodominicano.com\/index.php?rest_route=\/wp\/v2\/posts\/155369\/revisions"}],"wp:attachment":[{"href":"https:\/\/diariodominicano.com\/index.php?rest_route=%2Fwp%2Fv2%2Fmedia&parent=155369"}],"wp:term":[{"taxonomy":"category","embeddable":true,"href":"https:\/\/diariodominicano.com\/index.php?rest_route=%2Fwp%2Fv2%2Fcategories&post=155369"},{"taxonomy":"post_tag","embeddable":true,"href":"https:\/\/diariodominicano.com\/index.php?rest_route=%2Fwp%2Fv2%2Ftags&post=155369"}],"curies":[{"name":"wp","href":"https:\/\/api.w.org\/{rel}","templated":true}]}}