{"id":155368,"date":"2010-11-18T22:30:26","date_gmt":"2010-11-18T22:30:26","guid":{"rendered":"http:\/\/diariodominicano.ddns.net\/?p=155368"},"modified":"2010-11-18T22:30:26","modified_gmt":"2010-11-18T22:30:26","slug":"fiscal-espera-sobeida-y-siete-reclusos-vayan-a-juicio-de-fondo","status":"publish","type":"post","link":"https:\/\/diariodominicano.com\/?p=155368","title":{"rendered":"Fiscal espera Sobeida y siete reclusos vayan a juicio de fondo"},"content":{"rendered":"<p><body><\/p>\n<\/p>\n<p><span class=\"text1noticias\">Santo Domingo.-El fiscal del Distrito Nacional, Alejandro Moscoso Segarra, dijo esperar que Sobeida F\u00e9lix Morel y otros siete reclusos que se involucran en la alegada red del boricua Jos\u00e9 Figueroa Agosto sean  enviados a juicio de fondo en el fallo que emitir\u00e1 este viernes el Segundo Juzgado de Instrucci\u00f3n.<\/span><\/p>\n<\/p>\n<p><span class=\"text1noticias\"> La jueza del Segundo Juzgado de Instrucci\u00f3n del Distrito Nacional, Claribel Nivar, se apresta a fallar este viernes con relaci\u00f3n a Sobeida F\u00e9lix Morel y dem\u00e1s acusados de participar en la red de Figueroa Agosto.<\/span><\/p>\n<\/p>\n<p><span class=\"text1noticias\"> La Fiscal\u00eda del Distrito Nacional est\u00e1 confiada en que la magistrada enviar\u00e1 a juicio de fondo a los implicados en esa actividad de narcotr\u00e1fico, principalmente lavado de activos.<\/span><\/p>\n<\/p>\n<p><span class=\"text1noticias\">Consider\u00f3 que la reclusa Sobeida F\u00e9lix Morel debe permanecer aislada en una c\u00e1rcel de Najayo, para garantizarle su seguridad.<\/span><\/p>\n<\/p>\n<p><span class=\"text1noticias\">Por otro lado, reconoci\u00f3 que falta gente en el expediente de los involucrados en el caso Figueroa Agosto, pero que el Ministerio P\u00fablico no encontr\u00f3 pruebas que los se\u00f1alaran.<\/span><\/p>\n<\/p>\n<p><span class=\"text1noticias\">Apunt\u00f3 que \u00abes el caso de los militares involucrados, que no pudo encontrarse elementos vinculatorios al caso, aunque s\u00ed se determin\u00f3 que incurrieron en acciones irregulares y cuestionables\u00bb.<\/span><\/p>\n<\/p>\n<h6> 2010-11-18 22:30:26 <\/h6>\n<p><!--\n<link rel=\"stylesheet\" href=\"css\/bootstrap.min.css\">\n\n\n<ul class=\"pagination\">\n\t    \n\t\n\n<li >\n\t<a href='?page_no=30535'>Previous<\/a>\n\t<\/li>\n\n\n       \n    \n\n<li><a href='?page_no=1'>1<\/a><\/li>\n\n\n\n<li><a href='?page_no=2'>2<\/a><\/li>\n\n\n\n<li><a>...<\/a><\/li>\n\n\n\n<li><a href='?page_no=30534'>30534<\/a><\/li>\n\n\n\n<li><a href='?page_no=30535'>30535<\/a><\/li>\n\n\n\n<li class='active'><a>30536<\/a><\/li>\n\n\n\n<li><a href='?page_no=30537'>30537<\/a><\/li>\n\n\n\n<li><a href='?page_no=30538'>30538<\/a><\/li>\n\n\n\n<li><a>...<\/a><\/li>\n\n\n\n<li><a href='?page_no=31963'>31963<\/a><\/li>\n\n\n\n<li><a href='?page_no=31964'>31964<\/a><\/li>\n\n    \n\t\n\n<li >\n\t<a href='?page_no=30537'>Next<\/a>\n\t<\/li>\n\n\n    \n\n<li><a href='?page_no=31964'>Last &rsaquo;&rsaquo;<\/a><\/li>\n\n<\/ul>\n\n\n--><br \/>\n<\/body><\/p>\n","protected":false},"excerpt":{"rendered":"<p>Santo Domingo.-El fiscal del Distrito Nacional, Alejandro Moscoso Segarra, dijo esperar que Sobeida F\u00e9lix Morel y otros siete reclusos que se involucran en la alegada red del boricua Jos\u00e9 Figueroa Agosto sean enviados a juicio de fondo en el fallo que emitir\u00e1 este viernes el Segundo Juzgado de Instrucci\u00f3n. La jueza del Segundo Juzgado de [&hellip;]<\/p>\n","protected":false},"author":3,"featured_media":0,"comment_status":"open","ping_status":"open","sticky":false,"template":"","format":"standard","meta":{"footnotes":""},"categories":[24],"tags":[],"class_list":["post-155368","post","type-post","status-publish","format-standard","hentry","category-justicia-y-derecho"],"_links":{"self":[{"href":"https:\/\/diariodominicano.com\/index.php?rest_route=\/wp\/v2\/posts\/155368","targetHints":{"allow":["GET"]}}],"collection":[{"href":"https:\/\/diariodominicano.com\/index.php?rest_route=\/wp\/v2\/posts"}],"about":[{"href":"https:\/\/diariodominicano.com\/index.php?rest_route=\/wp\/v2\/types\/post"}],"author":[{"embeddable":true,"href":"https:\/\/diariodominicano.com\/index.php?rest_route=\/wp\/v2\/users\/3"}],"replies":[{"embeddable":true,"href":"https:\/\/diariodominicano.com\/index.php?rest_route=%2Fwp%2Fv2%2Fcomments&post=155368"}],"version-history":[{"count":0,"href":"https:\/\/diariodominicano.com\/index.php?rest_route=\/wp\/v2\/posts\/155368\/revisions"}],"wp:attachment":[{"href":"https:\/\/diariodominicano.com\/index.php?rest_route=%2Fwp%2Fv2%2Fmedia&parent=155368"}],"wp:term":[{"taxonomy":"category","embeddable":true,"href":"https:\/\/diariodominicano.com\/index.php?rest_route=%2Fwp%2Fv2%2Fcategories&post=155368"},{"taxonomy":"post_tag","embeddable":true,"href":"https:\/\/diariodominicano.com\/index.php?rest_route=%2Fwp%2Fv2%2Ftags&post=155368"}],"curies":[{"name":"wp","href":"https:\/\/api.w.org\/{rel}","templated":true}]}}