{"id":155367,"date":"2010-11-19T05:46:10","date_gmt":"2010-11-19T05:46:10","guid":{"rendered":"http:\/\/diariodominicano.ddns.net\/?p=155367"},"modified":"2010-11-19T05:46:10","modified_gmt":"2010-11-19T05:46:10","slug":"en-el-gordo-y-en-con-freddy-y-punto","status":"publish","type":"post","link":"https:\/\/diariodominicano.com\/?p=155367","title":{"rendered":"En el \u00abGordo\u00bb y en  \u00abCon  Freddy y Punto\u00bb"},"content":{"rendered":"<p><body><\/p>\n<\/p>\n<p><span class=\"text1noticias\">(Homenaje a Freddy Beras Goico)<\/span><\/p>\n<\/p>\n<p><span class=\"text1noticias\">                                        Por Narciso Isa Conde<\/span><\/p>\n<\/p>\n<p><span class=\"text1noticias\">All\u00ed, sobre todo all\u00ed, en el \u00abGordo de la Semana\u00bb y en \u00abCon Freddy y Punto\u00bb, nos encontramos muchas veces.<\/span><\/p>\n<\/p>\n<p><span class=\"text1noticias\">Innumerables veces.<\/span><\/p>\n<\/p>\n<p><span class=\"text1noticias\">En momentos de alegr\u00eda?<\/span><\/p>\n<\/p>\n<p><span class=\"text1noticias\">?en situaciones de tristeza.<\/span><\/p>\n<\/p>\n<p><span class=\"text1noticias\">Siempre acompa\u00f1ado de un humor genial y exquisito, y un di\u00e1logo franco e impactante. <\/span><\/p>\n<\/p>\n<p><span class=\"text1noticias\">Temas trascendentes.<\/span><\/p>\n<\/p>\n<p><span class=\"text1noticias\">Exposiciones riesgosas.<\/span><\/p>\n<\/p>\n<p><span class=\"text1noticias\">Momentos duros.<\/span><\/p>\n<\/p>\n<p><span class=\"text1noticias\">Debates fuertes.<\/span><\/p>\n<\/p>\n<p><span class=\"text1noticias\">Reflexiones valiosas<\/span><\/p>\n<\/p>\n<p><span class=\"text1noticias\">Testimonios de vida, lucha, amor y amistad.<\/span><\/p>\n<\/p>\n<p><span class=\"text1noticias\">En esos espacios siempre encontr\u00e9 una sonrisa,  un abrazo sincero, una frase estimulante, un lugar para exponer lo injustamente prohibido, para la denuncia audaz y hasta intr\u00e9pida; un punto de encuentro con la verdad perseguida. Encontr\u00e9 respeto, cari\u00f1o y solidaridad sin l\u00edmites.<\/span><\/p>\n<\/p>\n<p><span class=\"text1noticias\">Aquel Abril de ensue\u00f1os nos abraz\u00f3 para siempre.<\/span><\/p>\n<\/p>\n<p><span class=\"text1noticias\">Orlando nos uni\u00f3 aun m\u00e1s.<\/span><\/p>\n<\/p>\n<p><span class=\"text1noticias\">Y como a \u00e9l, cuando ?se march\u00f3 para quedarse?, le ruego.<\/span><\/p>\n<\/p>\n<p><span class=\"text1noticias\">Freddy:<\/span><\/p>\n<\/p>\n<p><span class=\"text1noticias\">?No olvides nunca esta bella  isla de tus desvelos.?<\/span><\/p>\n<p><span class=\"text1noticias\">?No olvides sus hermosos valles y lindas monta\u00f1as.?<\/span><\/p>\n<p><span class=\"text1noticias\">?Sus mares espectaculares.?<\/span><\/p>\n<p><span class=\"text1noticias\">?Sus playas serenas o caribes.?<\/span><\/p>\n<p><span class=\"text1noticias\">?Sus llanuras sembradas o des\u00e9rticas.?<\/span><\/p>\n<p><span class=\"text1noticias\">?Sus entretenidos caminos y bulliciosos poblados.?<\/span><\/p>\n<p><span class=\"text1noticias\">?Sus campos y ciudades repletas de sol, tristeza y alegr\u00eda.?<\/span><\/p>\n<p><span class=\"text1noticias\">?No olvides su gente sencilla.?<\/span><\/p>\n<p><span class=\"text1noticias\">?Sus dulces mulatas.?<\/span><\/p>\n<p><span class=\"text1noticias\">?Sus altivos muchachos.? <\/span><\/p>\n<p><span class=\"text1noticias\">?Recu\u00e9rdate del pueblo llano y de su incansable lucha por la libertad?. <\/span><\/p>\n<\/p>\n<p><span class=\"text1noticias\">Lucha inconclusa. Libertad en buena medida pendiente<\/span><\/p>\n<\/p>\n<p><span class=\"text1noticias\">D\u00e9janos aqu\u00ed, Gordo del Pueblo, a tu Morrobel, el de Hoyo Grande, para que nos ayude a conquistarla en toda sus dimensiones y profundidades, con mucho humor y amor.<\/span><\/p>\n<\/p>\n<p><span class=\"text1noticias\">18-11-2001, Santo Domingo.<\/span><\/p>\n<\/p>\n<\/p>\n<\/p>\n<h6> 2010-11-19 05:46:10 <\/h6>\n<p><!--\n<link rel=\"stylesheet\" href=\"css\/bootstrap.min.css\">\n\n\n<ul class=\"pagination\">\n\t    \n\t\n\n<li >\n\t<a href='?page_no=30534'>Previous<\/a>\n\t<\/li>\n\n\n       \n    \n\n<li><a href='?page_no=1'>1<\/a><\/li>\n\n\n\n<li><a href='?page_no=2'>2<\/a><\/li>\n\n\n\n<li><a>...<\/a><\/li>\n\n\n\n<li><a href='?page_no=30533'>30533<\/a><\/li>\n\n\n\n<li><a href='?page_no=30534'>30534<\/a><\/li>\n\n\n\n<li class='active'><a>30535<\/a><\/li>\n\n\n\n<li><a href='?page_no=30536'>30536<\/a><\/li>\n\n\n\n<li><a href='?page_no=30537'>30537<\/a><\/li>\n\n\n\n<li><a>...<\/a><\/li>\n\n\n\n<li><a href='?page_no=31963'>31963<\/a><\/li>\n\n\n\n<li><a href='?page_no=31964'>31964<\/a><\/li>\n\n    \n\t\n\n<li >\n\t<a href='?page_no=30536'>Next<\/a>\n\t<\/li>\n\n\n    \n\n<li><a href='?page_no=31964'>Last &rsaquo;&rsaquo;<\/a><\/li>\n\n<\/ul>\n\n\n--><br \/>\n<\/body><\/p>\n","protected":false},"excerpt":{"rendered":"<p>(Homenaje a Freddy Beras Goico) Por Narciso Isa Conde All\u00ed, sobre todo all\u00ed, en el \u00abGordo de la Semana\u00bb y en \u00abCon Freddy y Punto\u00bb, nos encontramos muchas veces. Innumerables veces. En momentos de alegr\u00eda? ?en situaciones de tristeza. Siempre acompa\u00f1ado de un humor genial y exquisito, y un di\u00e1logo franco e impactante. Temas trascendentes. [&hellip;]<\/p>\n","protected":false},"author":3,"featured_media":0,"comment_status":"open","ping_status":"open","sticky":false,"template":"","format":"standard","meta":{"footnotes":""},"categories":[24],"tags":[],"class_list":["post-155367","post","type-post","status-publish","format-standard","hentry","category-justicia-y-derecho"],"_links":{"self":[{"href":"https:\/\/diariodominicano.com\/index.php?rest_route=\/wp\/v2\/posts\/155367","targetHints":{"allow":["GET"]}}],"collection":[{"href":"https:\/\/diariodominicano.com\/index.php?rest_route=\/wp\/v2\/posts"}],"about":[{"href":"https:\/\/diariodominicano.com\/index.php?rest_route=\/wp\/v2\/types\/post"}],"author":[{"embeddable":true,"href":"https:\/\/diariodominicano.com\/index.php?rest_route=\/wp\/v2\/users\/3"}],"replies":[{"embeddable":true,"href":"https:\/\/diariodominicano.com\/index.php?rest_route=%2Fwp%2Fv2%2Fcomments&post=155367"}],"version-history":[{"count":0,"href":"https:\/\/diariodominicano.com\/index.php?rest_route=\/wp\/v2\/posts\/155367\/revisions"}],"wp:attachment":[{"href":"https:\/\/diariodominicano.com\/index.php?rest_route=%2Fwp%2Fv2%2Fmedia&parent=155367"}],"wp:term":[{"taxonomy":"category","embeddable":true,"href":"https:\/\/diariodominicano.com\/index.php?rest_route=%2Fwp%2Fv2%2Fcategories&post=155367"},{"taxonomy":"post_tag","embeddable":true,"href":"https:\/\/diariodominicano.com\/index.php?rest_route=%2Fwp%2Fv2%2Ftags&post=155367"}],"curies":[{"name":"wp","href":"https:\/\/api.w.org\/{rel}","templated":true}]}}