{"id":155366,"date":"2010-11-19T12:55:07","date_gmt":"2010-11-19T12:55:07","guid":{"rendered":"http:\/\/diariodominicano.ddns.net\/?p=155366"},"modified":"2010-11-19T12:55:07","modified_gmt":"2010-11-19T12:55:07","slug":"ptd-expresa-pesar-ante-la-muerte-de-freddy-beras-goico-dice-muerte-enlutese-sociedad-dominicana","status":"publish","type":"post","link":"https:\/\/diariodominicano.com\/?p=155366","title":{"rendered":"PTD, expresa pesar ante la muerte de Freddy Beras Goico. Dice muerte enl\u00fatese sociedad dominicana"},"content":{"rendered":"<p><body><\/p>\n<p><img decoding=\"async\" src=\"http:\/\/localhost:8080\/justiciayderecho\/img3\/Ptd.JPG\" \/>  <\/p>\n<p><span class=\"text1noticias\">Santo Domingo, 19 Nov 2010.- El Partido de los Trabajadores Dominicanos (PTD), expres\u00f3 su profundo pesar por el fallecimiento del productor de televisi\u00f3n y humorista Freddy Beras Goico, al tiempo de calificarlo como un ciudadano comprometido con las mejores causas del pueblo dominicano.<\/span><\/p>\n<\/p>\n<p><span class=\"text1noticias\"> Jos\u00e9 Gonz\u00e1lez Espinosa, presidente de la entidad, dijo que el destacado artista dominicano fue un defensor de las libertades democr\u00e1ticas, los derechos ciudadanos, y la libertad de expresi\u00f3n y difusi\u00f3n del pensamiento y un patriota a toda prueba.<\/span><\/p>\n<\/p>\n<p><span class=\"text1noticias\">\u00abFreddy se uni\u00f3 al pueblo dominicano en su lucha contra la tiran\u00eda de Trujillo y los golpistas contra el gobierno del profesor Juan Bosch adem\u00e1s  de que fue un combatiente en 1965 contra la invasi\u00f3n de los Estados Unidos, la restauraci\u00f3n de la Constituci\u00f3n de 1963,\u00bb expres\u00f3 el dirigente pol\u00edtico al se\u00f1alar que su muerte enl\u00fatese a las instituciones serias y honestas de la Rep\u00fablica Dominicana.<\/span><\/p>\n<\/p>\n<p><span class=\"text1noticias\">Sostuvo que Beras Goico fue v\u00edctima de la represi\u00f3n, siendo encarcelado al inicio de la Revoluci\u00f3n de Abril del 1965, pero que eso no lo amedrent\u00f3 continuando sus aportes desde el plano que le correspond\u00eda como intelectual, creador, ciudadano y publicista.<\/span><\/p>\n<\/p>\n<p><span class=\"text1noticias\">Gonz\u00e1lez Espinosa destac\u00f3 la lucha de ese honorable ciudadano por los derechos fundamentales del pueblo dominicano en la educaci\u00f3n, la salud y las libertades individuales del ser humano, por lo que su muerte la califica como una gran p\u00e9rdida para la sociedad dominicana.<\/span><\/p>\n<\/p>\n<p><span class=\"text1noticias\"> El ex senador por Barahona y director ejecutivo del Fondo de Promoci\u00f3n a las Iniciativas Comunitarias (Procomunidad)  dijo que todos los hombres y mujeres del PTD se unen al dolor que embarga a  do\u00f1a Pilar Mej\u00eda, Freddy II, Ernesto M\u00e1ximo, Dayanara, Giancarlo, Laura Marie y  Pamela Sued de Beras,   a  todos los familiares y relacionados, al tiempo que llam\u00f3 a los ciudadanos que segu\u00edan a Freddy a continuar su ejemplo que siempre estar\u00e1 ligada a la lucha por alcanzar la equidad social y la justicia social.<\/span><\/p>\n<h6> 2010-11-19 12:55:07 <\/h6>\n<p><!--\n<link rel=\"stylesheet\" href=\"css\/bootstrap.min.css\">\n\n\n<ul class=\"pagination\">\n\t    \n\t\n\n<li >\n\t<a href='?page_no=30533'>Previous<\/a>\n\t<\/li>\n\n\n       \n    \n\n<li><a href='?page_no=1'>1<\/a><\/li>\n\n\n\n<li><a href='?page_no=2'>2<\/a><\/li>\n\n\n\n<li><a>...<\/a><\/li>\n\n\n\n<li><a href='?page_no=30532'>30532<\/a><\/li>\n\n\n\n<li><a href='?page_no=30533'>30533<\/a><\/li>\n\n\n\n<li class='active'><a>30534<\/a><\/li>\n\n\n\n<li><a href='?page_no=30535'>30535<\/a><\/li>\n\n\n\n<li><a href='?page_no=30536'>30536<\/a><\/li>\n\n\n\n<li><a>...<\/a><\/li>\n\n\n\n<li><a href='?page_no=31963'>31963<\/a><\/li>\n\n\n\n<li><a href='?page_no=31964'>31964<\/a><\/li>\n\n    \n\t\n\n<li >\n\t<a href='?page_no=30535'>Next<\/a>\n\t<\/li>\n\n\n    \n\n<li><a href='?page_no=31964'>Last &rsaquo;&rsaquo;<\/a><\/li>\n\n<\/ul>\n\n\n--><br \/>\n<\/body><\/p>\n","protected":false},"excerpt":{"rendered":"<p>Santo Domingo, 19 Nov 2010.- El Partido de los Trabajadores Dominicanos (PTD), expres\u00f3 su profundo pesar por el fallecimiento del productor de televisi\u00f3n y humorista Freddy Beras Goico, al tiempo de calificarlo como un ciudadano comprometido con las mejores causas del pueblo dominicano. Jos\u00e9 Gonz\u00e1lez Espinosa, presidente de la entidad, dijo que el destacado artista [&hellip;]<\/p>\n","protected":false},"author":3,"featured_media":0,"comment_status":"open","ping_status":"open","sticky":false,"template":"","format":"standard","meta":{"footnotes":""},"categories":[24],"tags":[],"class_list":["post-155366","post","type-post","status-publish","format-standard","hentry","category-justicia-y-derecho"],"_links":{"self":[{"href":"https:\/\/diariodominicano.com\/index.php?rest_route=\/wp\/v2\/posts\/155366","targetHints":{"allow":["GET"]}}],"collection":[{"href":"https:\/\/diariodominicano.com\/index.php?rest_route=\/wp\/v2\/posts"}],"about":[{"href":"https:\/\/diariodominicano.com\/index.php?rest_route=\/wp\/v2\/types\/post"}],"author":[{"embeddable":true,"href":"https:\/\/diariodominicano.com\/index.php?rest_route=\/wp\/v2\/users\/3"}],"replies":[{"embeddable":true,"href":"https:\/\/diariodominicano.com\/index.php?rest_route=%2Fwp%2Fv2%2Fcomments&post=155366"}],"version-history":[{"count":0,"href":"https:\/\/diariodominicano.com\/index.php?rest_route=\/wp\/v2\/posts\/155366\/revisions"}],"wp:attachment":[{"href":"https:\/\/diariodominicano.com\/index.php?rest_route=%2Fwp%2Fv2%2Fmedia&parent=155366"}],"wp:term":[{"taxonomy":"category","embeddable":true,"href":"https:\/\/diariodominicano.com\/index.php?rest_route=%2Fwp%2Fv2%2Fcategories&post=155366"},{"taxonomy":"post_tag","embeddable":true,"href":"https:\/\/diariodominicano.com\/index.php?rest_route=%2Fwp%2Fv2%2Ftags&post=155366"}],"curies":[{"name":"wp","href":"https:\/\/api.w.org\/{rel}","templated":true}]}}