{"id":155365,"date":"2010-11-19T13:54:53","date_gmt":"2010-11-19T13:54:53","guid":{"rendered":"http:\/\/diariodominicano.ddns.net\/?p=155365"},"modified":"2010-11-19T13:54:53","modified_gmt":"2010-11-19T13:54:53","slug":"traeran-esta-tarde-restos-de-freddy-beras-goico","status":"publish","type":"post","link":"https:\/\/diariodominicano.com\/?p=155365","title":{"rendered":"Traer\u00e1n esta tarde restos de Freddy Beras Goico"},"content":{"rendered":"<p><body><\/p>\n<p><img decoding=\"async\" src=\"http:\/\/localhost:8080\/justiciayderecho\/img3\/FrddyBreasGoico1911.jpg\" \/>  <\/p>\n<p><span class=\"text1noticias\">Santo Domingo, 19 nov 2010.- Los restos del productor de televisi\u00f3n y humorista Freddy Beras Goico ser\u00e1n tra\u00eddos al pa\u00eds este viernes a las 4:00 de la tarde, en un vuelo de American Airlines, por el Aeropuerto Internacional de las Am\u00e9ricas Jos\u00e9 Francisco Pe\u00f1a G\u00f3mez.<\/span><\/p>\n<\/p>\n<p><span class=\"text1noticias\">As\u00ed lo confirm\u00f3 su hijo Giancarlo Beras, quien aclar\u00f3 que no ser\u00e1 en el Palacio de los Deportes como hab\u00eda informado que se expondr\u00e1 su cad\u00e1ver, sino en el de Bellas Artes, en esta Capital, a partir de las 9:00 de la ma\u00f1ana del s\u00e1bado.<\/span><\/p>\n<\/p>\n<p><span class=\"text1noticias\">El popular humorista falleci\u00f3 este jueves a las 4:00 de la ma\u00f1ana, en el hospital Mount Sinai Medical Center, de la ciudad de Nueva York, en donde estaba ingresado desde principio de mes.<\/span><\/p>\n<\/p>\n<p><span class=\"text1noticias\">Giancarlo dijo que est\u00e1n muy agradecidos de la colaboraci\u00f3n que han recibido del c\u00f3nsul dominicano en todos lo tr\u00e1mites de repatriaci\u00f3n de los restos de su padre. Afirma que no se ha establecido el d\u00eda del sepelio.<\/span><\/p>\n<\/p>\n<p><span class=\"text1noticias\">Freddy fue intervenido de una afecci\u00f3n estomacal el pasado mes de octubre en el referido hospital. Posteriormente regres\u00f3 al pa\u00eds y se encontraba en proceso de recuperaci\u00f3n cuando se le present\u00f3 un cuadro infeccioso en el est\u00f3mago.<\/span><\/p>\n<\/p>\n<h6> 2010-11-19 13:54:53 <\/h6>\n<p><!--\n<link rel=\"stylesheet\" href=\"css\/bootstrap.min.css\">\n\n\n<ul class=\"pagination\">\n\t    \n\t\n\n<li >\n\t<a href='?page_no=30532'>Previous<\/a>\n\t<\/li>\n\n\n       \n    \n\n<li><a href='?page_no=1'>1<\/a><\/li>\n\n\n\n<li><a href='?page_no=2'>2<\/a><\/li>\n\n\n\n<li><a>...<\/a><\/li>\n\n\n\n<li><a href='?page_no=30531'>30531<\/a><\/li>\n\n\n\n<li><a href='?page_no=30532'>30532<\/a><\/li>\n\n\n\n<li class='active'><a>30533<\/a><\/li>\n\n\n\n<li><a href='?page_no=30534'>30534<\/a><\/li>\n\n\n\n<li><a href='?page_no=30535'>30535<\/a><\/li>\n\n\n\n<li><a>...<\/a><\/li>\n\n\n\n<li><a href='?page_no=31963'>31963<\/a><\/li>\n\n\n\n<li><a href='?page_no=31964'>31964<\/a><\/li>\n\n    \n\t\n\n<li >\n\t<a href='?page_no=30534'>Next<\/a>\n\t<\/li>\n\n\n    \n\n<li><a href='?page_no=31964'>Last &rsaquo;&rsaquo;<\/a><\/li>\n\n<\/ul>\n\n\n--><br \/>\n<\/body><\/p>\n","protected":false},"excerpt":{"rendered":"<p>Santo Domingo, 19 nov 2010.- Los restos del productor de televisi\u00f3n y humorista Freddy Beras Goico ser\u00e1n tra\u00eddos al pa\u00eds este viernes a las 4:00 de la tarde, en un vuelo de American Airlines, por el Aeropuerto Internacional de las Am\u00e9ricas Jos\u00e9 Francisco Pe\u00f1a G\u00f3mez. As\u00ed lo confirm\u00f3 su hijo Giancarlo Beras, quien aclar\u00f3 que [&hellip;]<\/p>\n","protected":false},"author":3,"featured_media":0,"comment_status":"open","ping_status":"open","sticky":false,"template":"","format":"standard","meta":{"footnotes":""},"categories":[24],"tags":[],"class_list":["post-155365","post","type-post","status-publish","format-standard","hentry","category-justicia-y-derecho"],"_links":{"self":[{"href":"https:\/\/diariodominicano.com\/index.php?rest_route=\/wp\/v2\/posts\/155365","targetHints":{"allow":["GET"]}}],"collection":[{"href":"https:\/\/diariodominicano.com\/index.php?rest_route=\/wp\/v2\/posts"}],"about":[{"href":"https:\/\/diariodominicano.com\/index.php?rest_route=\/wp\/v2\/types\/post"}],"author":[{"embeddable":true,"href":"https:\/\/diariodominicano.com\/index.php?rest_route=\/wp\/v2\/users\/3"}],"replies":[{"embeddable":true,"href":"https:\/\/diariodominicano.com\/index.php?rest_route=%2Fwp%2Fv2%2Fcomments&post=155365"}],"version-history":[{"count":0,"href":"https:\/\/diariodominicano.com\/index.php?rest_route=\/wp\/v2\/posts\/155365\/revisions"}],"wp:attachment":[{"href":"https:\/\/diariodominicano.com\/index.php?rest_route=%2Fwp%2Fv2%2Fmedia&parent=155365"}],"wp:term":[{"taxonomy":"category","embeddable":true,"href":"https:\/\/diariodominicano.com\/index.php?rest_route=%2Fwp%2Fv2%2Fcategories&post=155365"},{"taxonomy":"post_tag","embeddable":true,"href":"https:\/\/diariodominicano.com\/index.php?rest_route=%2Fwp%2Fv2%2Ftags&post=155365"}],"curies":[{"name":"wp","href":"https:\/\/api.w.org\/{rel}","templated":true}]}}