{"id":155364,"date":"2010-11-19T15:04:20","date_gmt":"2010-11-19T15:04:20","guid":{"rendered":"http:\/\/diariodominicano.ddns.net\/?p=155364"},"modified":"2010-11-19T15:04:20","modified_gmt":"2010-11-19T15:04:20","slug":"anuncian-pocas-lluvias-en-el-pais-sistema-frontal-sobre-la-porcion-central-de-cuba","status":"publish","type":"post","link":"https:\/\/diariodominicano.com\/?p=155364","title":{"rendered":"&#13;Anuncian pocas lluvias en  el pa\u00eds; sistema frontal sobre la porci\u00f3n central de Cuba"},"content":{"rendered":"<p><body><\/p>\n<p><span class=\"text1noticias\">Santo Domingo, 19 Nov 2010.- La Oficina Nacional de Meteorolog\u00eda inform\u00f3 este viernes que  un flujo de viento sobre el pa\u00eds se presenta arrastrando n\u00facleos nubosos en las regiones norte, noreste y sureste  podr\u00edan en horas de la tarde originar lluvias espor\u00e1dicas de corta duraci\u00f3n hacia esas regiones.<\/span><\/p>\n<\/p>\n<p><span class=\"text1noticias\">Dijo que se espera que las lluvias se incrementen el s\u00e1bado al atardecer o el domingo cuando se acerque un sistema frontal localizado sobre Cuba movi\u00e9ndose lentamente hacia el este.<\/span><\/p>\n<\/p>\n<p><span class=\"text1noticias\">Las  Temperaturas seguir\u00e1n agradables.<\/span><\/p>\n<\/p>\n<p><span class=\"text1noticias\">Santo Domingo y sus municipios. Medio nublado, siendo nublado en  ocasiones. Posibles lluvias  espor\u00e1dicas de corta duraci\u00f3n en la tarde. Temperaturas agradables<\/span><\/p>\n<\/p>\n<p><span class=\"text1noticias\">Distrito Nacional: Nubes dispersas, siendo medio nublado en ocasiones en la tarde. Temperaturas agradables.<\/span><\/p>\n<\/p>\n<p><span class=\"text1noticias\"> Lluvias espor\u00e1dicas de corta duraci\u00f3n afectaran  las provincias de Saman\u00e1, Hato Mayor, El Seibo, Monte Plata, Puerto Plata, Espaillat, Maria Trinidad S\u00e1nchez, La Vega, Monse\u00f1or Nouel y S\u00e1nchez Ram\u00edrez.<\/span><\/p>\n<\/p>\n<p><span class=\"text1noticias\">Para el s\u00e1bado la ONAMET pronostica  incrementos nubosos en la tarde con lluvias aisladas de corta duraci\u00f3n hacia las regiones norte, noreste, sureste y Cordillera Central y  temperaturas agradables.<\/span>    <\/p>\n<h6> 2010-11-19 15:04:20 <\/h6>\n<p><!--\n<link rel=\"stylesheet\" href=\"css\/bootstrap.min.css\">\n\n\n<ul class=\"pagination\">\n\t    \n\t\n\n<li >\n\t<a href='?page_no=30531'>Previous<\/a>\n\t<\/li>\n\n\n       \n    \n\n<li><a href='?page_no=1'>1<\/a><\/li>\n\n\n\n<li><a href='?page_no=2'>2<\/a><\/li>\n\n\n\n<li><a>...<\/a><\/li>\n\n\n\n<li><a href='?page_no=30530'>30530<\/a><\/li>\n\n\n\n<li><a href='?page_no=30531'>30531<\/a><\/li>\n\n\n\n<li class='active'><a>30532<\/a><\/li>\n\n\n\n<li><a href='?page_no=30533'>30533<\/a><\/li>\n\n\n\n<li><a href='?page_no=30534'>30534<\/a><\/li>\n\n\n\n<li><a>...<\/a><\/li>\n\n\n\n<li><a href='?page_no=31963'>31963<\/a><\/li>\n\n\n\n<li><a href='?page_no=31964'>31964<\/a><\/li>\n\n    \n\t\n\n<li >\n\t<a href='?page_no=30533'>Next<\/a>\n\t<\/li>\n\n\n    \n\n<li><a href='?page_no=31964'>Last &rsaquo;&rsaquo;<\/a><\/li>\n\n<\/ul>\n\n\n--><br \/>\n<\/body><\/p>\n","protected":false},"excerpt":{"rendered":"<p>Santo Domingo, 19 Nov 2010.- La Oficina Nacional de Meteorolog\u00eda inform\u00f3 este viernes que un flujo de viento sobre el pa\u00eds se presenta arrastrando n\u00facleos nubosos en las regiones norte, noreste y sureste podr\u00edan en horas de la tarde originar lluvias espor\u00e1dicas de corta duraci\u00f3n hacia esas regiones. Dijo que se espera que las lluvias [&hellip;]<\/p>\n","protected":false},"author":3,"featured_media":0,"comment_status":"open","ping_status":"open","sticky":false,"template":"","format":"standard","meta":{"footnotes":""},"categories":[24],"tags":[],"class_list":["post-155364","post","type-post","status-publish","format-standard","hentry","category-justicia-y-derecho"],"_links":{"self":[{"href":"https:\/\/diariodominicano.com\/index.php?rest_route=\/wp\/v2\/posts\/155364","targetHints":{"allow":["GET"]}}],"collection":[{"href":"https:\/\/diariodominicano.com\/index.php?rest_route=\/wp\/v2\/posts"}],"about":[{"href":"https:\/\/diariodominicano.com\/index.php?rest_route=\/wp\/v2\/types\/post"}],"author":[{"embeddable":true,"href":"https:\/\/diariodominicano.com\/index.php?rest_route=\/wp\/v2\/users\/3"}],"replies":[{"embeddable":true,"href":"https:\/\/diariodominicano.com\/index.php?rest_route=%2Fwp%2Fv2%2Fcomments&post=155364"}],"version-history":[{"count":0,"href":"https:\/\/diariodominicano.com\/index.php?rest_route=\/wp\/v2\/posts\/155364\/revisions"}],"wp:attachment":[{"href":"https:\/\/diariodominicano.com\/index.php?rest_route=%2Fwp%2Fv2%2Fmedia&parent=155364"}],"wp:term":[{"taxonomy":"category","embeddable":true,"href":"https:\/\/diariodominicano.com\/index.php?rest_route=%2Fwp%2Fv2%2Fcategories&post=155364"},{"taxonomy":"post_tag","embeddable":true,"href":"https:\/\/diariodominicano.com\/index.php?rest_route=%2Fwp%2Fv2%2Ftags&post=155364"}],"curies":[{"name":"wp","href":"https:\/\/api.w.org\/{rel}","templated":true}]}}