{"id":155363,"date":"2010-11-19T16:20:26","date_gmt":"2010-11-19T16:20:26","guid":{"rendered":"http:\/\/diariodominicano.ddns.net\/?p=155363"},"modified":"2010-11-19T16:20:26","modified_gmt":"2010-11-19T16:20:26","slug":"jovenes-trabajaran-junto-a-salud-publica-en-jornada-contra-el-colera","status":"publish","type":"post","link":"https:\/\/diariodominicano.com\/?p=155363","title":{"rendered":"J\u00f3venes trabajar\u00e1n junto a Salud P\u00fablica en jornada contra el c\u00f3lera"},"content":{"rendered":"<p><body><\/p>\n<p><span class=\"text1noticias\">Santo Domingo, 19 Nov 2010.- El Ministerio de la Juventud inform\u00f3 que puso a la disposici\u00f3n de Salud P\u00fablica a j\u00f3venes becados por la instituci\u00f3n para que trabajen junto a esta en la jornada de prevenci\u00f3n del c\u00f3lera que afecta masivamente a Hait\u00ed y a algunos en Rep\u00fablica Dominicana. <\/span><\/p>\n<\/p>\n<p><span class=\"text1noticias\">El titular de la entidad, Franklin Rodr\u00edguez, record\u00f3 que estos j\u00f3venes han expresado su reiterado apoyo a las jornadas preventivas y as\u00ed lo hicieron cuando recientemente en el pa\u00eds, se requirieron m\u00faltiples jornadas contra el Dengue. <\/span><\/p>\n<\/p>\n<p><span class=\"text1noticias\">\u00abY como en aquella ocasi\u00f3n ponemos a estos j\u00f3venes a formar parte de toda jornada de prevenci\u00f3n del c\u00f3lera, los fines de semanas o en cualquier ocasi\u00f3n que se les requiera\u00bb, expres\u00f3 el titular del Ministerio de la Juventud, al reiterar que las y los j\u00f3venes dominicanos est\u00e1 siempre dispuesto a colaborar. <\/span><\/p>\n<\/p>\n<p><span class=\"text1noticias\">Dijo que desde ya mantiene permanente contacto con Salud P\u00fablica,  para coordinar de manera interinstitucional las formas en que estos j\u00f3venes de manera voluntaria se sumar\u00edan a los programas de prevenci\u00f3n del C\u00f3lera.<\/span><\/p>\n<\/p>\n<p><span class=\"text1noticias\">Inst\u00f3 a las instituciones a sumarse a la campa\u00f1a de prevenci\u00f3n, para que la enfermedad no se propague desde la hermana naci\u00f3n a territorio dominicano. <\/span><\/p>\n<\/p>\n<p><span class=\"text1noticias\">En ese sentido, Rodr\u00edguez sugiri\u00f3 a trav\u00e9s de una nota de la entidad, que la Oficina Nacional de Estad\u00edstica ONE,  aproveche la jornada del Censo Nacional, para que los recursos humanos se sumen a la jornada preventiva contra el c\u00f3lera.<\/span><\/p>\n<\/p>\n<p><span class=\"text1noticias\">\u00abPues con las decenas de miles de personas que trabajar\u00e1n en el Censo Nacional, esta v\u00eda  seria un canal efectivo para que a los hogares lleguen los instructivos de prevenci\u00f3n de la enfermedad del c\u00f3lera\u00bb. Sugiri\u00f3 el funcionario.<\/span><\/p>\n<h6> 2010-11-19 16:20:26 <\/h6>\n<p><!--\n<link rel=\"stylesheet\" href=\"css\/bootstrap.min.css\">\n\n\n<ul class=\"pagination\">\n\t    \n\t\n\n<li >\n\t<a href='?page_no=30530'>Previous<\/a>\n\t<\/li>\n\n\n       \n    \n\n<li><a href='?page_no=1'>1<\/a><\/li>\n\n\n\n<li><a href='?page_no=2'>2<\/a><\/li>\n\n\n\n<li><a>...<\/a><\/li>\n\n\n\n<li><a href='?page_no=30529'>30529<\/a><\/li>\n\n\n\n<li><a href='?page_no=30530'>30530<\/a><\/li>\n\n\n\n<li class='active'><a>30531<\/a><\/li>\n\n\n\n<li><a href='?page_no=30532'>30532<\/a><\/li>\n\n\n\n<li><a href='?page_no=30533'>30533<\/a><\/li>\n\n\n\n<li><a>...<\/a><\/li>\n\n\n\n<li><a href='?page_no=31963'>31963<\/a><\/li>\n\n\n\n<li><a href='?page_no=31964'>31964<\/a><\/li>\n\n    \n\t\n\n<li >\n\t<a href='?page_no=30532'>Next<\/a>\n\t<\/li>\n\n\n    \n\n<li><a href='?page_no=31964'>Last &rsaquo;&rsaquo;<\/a><\/li>\n\n<\/ul>\n\n\n--><br \/>\n<\/body><\/p>\n","protected":false},"excerpt":{"rendered":"<p>Santo Domingo, 19 Nov 2010.- El Ministerio de la Juventud inform\u00f3 que puso a la disposici\u00f3n de Salud P\u00fablica a j\u00f3venes becados por la instituci\u00f3n para que trabajen junto a esta en la jornada de prevenci\u00f3n del c\u00f3lera que afecta masivamente a Hait\u00ed y a algunos en Rep\u00fablica Dominicana. El titular de la entidad, Franklin [&hellip;]<\/p>\n","protected":false},"author":3,"featured_media":0,"comment_status":"open","ping_status":"open","sticky":false,"template":"","format":"standard","meta":{"footnotes":""},"categories":[24],"tags":[],"class_list":["post-155363","post","type-post","status-publish","format-standard","hentry","category-justicia-y-derecho"],"_links":{"self":[{"href":"https:\/\/diariodominicano.com\/index.php?rest_route=\/wp\/v2\/posts\/155363","targetHints":{"allow":["GET"]}}],"collection":[{"href":"https:\/\/diariodominicano.com\/index.php?rest_route=\/wp\/v2\/posts"}],"about":[{"href":"https:\/\/diariodominicano.com\/index.php?rest_route=\/wp\/v2\/types\/post"}],"author":[{"embeddable":true,"href":"https:\/\/diariodominicano.com\/index.php?rest_route=\/wp\/v2\/users\/3"}],"replies":[{"embeddable":true,"href":"https:\/\/diariodominicano.com\/index.php?rest_route=%2Fwp%2Fv2%2Fcomments&post=155363"}],"version-history":[{"count":0,"href":"https:\/\/diariodominicano.com\/index.php?rest_route=\/wp\/v2\/posts\/155363\/revisions"}],"wp:attachment":[{"href":"https:\/\/diariodominicano.com\/index.php?rest_route=%2Fwp%2Fv2%2Fmedia&parent=155363"}],"wp:term":[{"taxonomy":"category","embeddable":true,"href":"https:\/\/diariodominicano.com\/index.php?rest_route=%2Fwp%2Fv2%2Fcategories&post=155363"},{"taxonomy":"post_tag","embeddable":true,"href":"https:\/\/diariodominicano.com\/index.php?rest_route=%2Fwp%2Fv2%2Ftags&post=155363"}],"curies":[{"name":"wp","href":"https:\/\/api.w.org\/{rel}","templated":true}]}}