{"id":155362,"date":"2010-11-19T17:27:35","date_gmt":"2010-11-19T17:27:35","guid":{"rendered":"http:\/\/diariodominicano.ddns.net\/?p=155362"},"modified":"2010-11-19T17:27:35","modified_gmt":"2010-11-19T17:27:35","slug":"pld-suspende-actividades-por-muerte-de-freddy","status":"publish","type":"post","link":"https:\/\/diariodominicano.com\/?p=155362","title":{"rendered":"PLD suspende actividades por muerte de Freddy"},"content":{"rendered":"<p><body><\/p>\n<p><img decoding=\"async\" src=\"http:\/\/localhost:8080\/justiciayderecho\/img3\/reinaldo en suspencion actos.JPG\" \/>  <\/p>\n<p><span class=\"text1noticias\"> <\/span><\/p>\n<p><span class=\"text1noticias\"><em><strong> <\/strong><\/em><\/span><\/p>\n<p><span class=\"text1noticias\"><em><strong>Pared P\u00e9rez dice es irreparable la p\u00e9rdida de un ser excepcional como Freddy Beras Goico. <\/strong><\/em><\/span><\/p>\n<p><span class=\"text1noticias\"> <\/span><\/p>\n<p><span class=\"text1noticias\">Santo Domingo, 19 Nov 2010.- El Partido de la Liberaci\u00f3n Dominicana (PLD) confirm\u00f3 que suspendi\u00f3 todas las actividades programadas para este fin de semana con motivo del sentido fallecimiento de Freddy Beras Goico el pasado jueves en la ciudad de Nueva York.<\/span><\/p>\n<p><span class=\"text1noticias\"> <\/span><\/p>\n<p><span class=\"text1noticias\">Reinaldo Pared P\u00e9rez, Secretario General de la organizaci\u00f3n pol\u00edtica, mediante un despacho de Prensa inform\u00f3 de la suspensi\u00f3n de las actividades partidarias por el dolor que embarga a la familia dominicana ante tan sentida p\u00e9rdida.<\/span><\/p>\n<p><span class=\"text1noticias\"> <\/span><\/p>\n<p><span class=\"text1noticias\">En especial el PLD suspendi\u00f3 la Asamblea Regional del Sur que se realizar\u00eda el domingo en Azua la que presidir\u00eda el Presidente Leonel Fern\u00e1ndez conjuntamente con los miembros del Comit\u00e9 Pol\u00edtico.<\/span><\/p>\n<p><span class=\"text1noticias\"> <\/span><\/p>\n<p><span class=\"text1noticias\">\u00abEl PLD ha suspendido las actividades programadas para este fin de semana ante la lamentable p\u00e9rdida que significa para el pa\u00eds,  el fallecimiento de Freddy Beras Goico\u00bb expresa Pared P\u00e9rez en nota de la Secretar\u00eda de Comunicaciones del PLD.<\/span><\/p>\n<p><span class=\"text1noticias\"> <\/span><\/p>\n<p><span class=\"text1noticias\">Adelant\u00f3 que los miembros de la direcci\u00f3n del PLD estar\u00e1n presentes en el velatorio y las ceremonias de sepelio del gran ser humano que fue Freddy Beras Goico.<\/span><\/p>\n<p><span class=\"text1noticias\"> <\/span><\/p>\n<p><span class=\"text1noticias\">En el parte noticioso se explica que oportunamente se informar\u00e1 cuando se reprogramar\u00e1n las actividades suspendidas en especial la asamblea de juramentaci\u00f3n de nuevos miembros programada para el municipio de Azua.<\/span><\/p>\n<p><span class=\"text1noticias\"> <\/span><\/p>\n<p><span class=\"text1noticias\">Seg\u00fan han informado sus familiares, los restos mortales de Beras Goico, quien falleci\u00f3 en Nueva York, llegar\u00e1n al pa\u00eds este viernes en horas de la tardes por el Aeropuerto Internacional de las Am\u00e9ricas (AILA).<\/span><\/p>\n<p><span class=\"text1noticias\"> <\/span><\/p>\n<p><span class=\"text1noticias\">El cuerpo sin vida de Beras Goico ser\u00e1 expuesto al p\u00fablico este  s\u00e1bado 20  en el Palacio de Bellas Artes.<\/span><\/p>\n<p><span class=\"text1noticias\"> <\/span><\/p>\n<h6> 2010-11-19 17:27:35 <\/h6>\n<p><!--\n<link rel=\"stylesheet\" href=\"css\/bootstrap.min.css\">\n\n\n<ul class=\"pagination\">\n\t    \n\t\n\n<li >\n\t<a href='?page_no=30529'>Previous<\/a>\n\t<\/li>\n\n\n       \n    \n\n<li><a href='?page_no=1'>1<\/a><\/li>\n\n\n\n<li><a href='?page_no=2'>2<\/a><\/li>\n\n\n\n<li><a>...<\/a><\/li>\n\n\n\n<li><a href='?page_no=30528'>30528<\/a><\/li>\n\n\n\n<li><a href='?page_no=30529'>30529<\/a><\/li>\n\n\n\n<li class='active'><a>30530<\/a><\/li>\n\n\n\n<li><a href='?page_no=30531'>30531<\/a><\/li>\n\n\n\n<li><a href='?page_no=30532'>30532<\/a><\/li>\n\n\n\n<li><a>...<\/a><\/li>\n\n\n\n<li><a href='?page_no=31963'>31963<\/a><\/li>\n\n\n\n<li><a href='?page_no=31964'>31964<\/a><\/li>\n\n    \n\t\n\n<li >\n\t<a href='?page_no=30531'>Next<\/a>\n\t<\/li>\n\n\n    \n\n<li><a href='?page_no=31964'>Last &rsaquo;&rsaquo;<\/a><\/li>\n\n<\/ul>\n\n\n--><br \/>\n<\/body><\/p>\n","protected":false},"excerpt":{"rendered":"<p>Pared P\u00e9rez dice es irreparable la p\u00e9rdida de un ser excepcional como Freddy Beras Goico. Santo Domingo, 19 Nov 2010.- El Partido de la Liberaci\u00f3n Dominicana (PLD) confirm\u00f3 que suspendi\u00f3 todas las actividades programadas para este fin de semana con motivo del sentido fallecimiento de Freddy Beras Goico el pasado jueves en la ciudad de [&hellip;]<\/p>\n","protected":false},"author":3,"featured_media":0,"comment_status":"open","ping_status":"open","sticky":false,"template":"","format":"standard","meta":{"footnotes":""},"categories":[24],"tags":[],"class_list":["post-155362","post","type-post","status-publish","format-standard","hentry","category-justicia-y-derecho"],"_links":{"self":[{"href":"https:\/\/diariodominicano.com\/index.php?rest_route=\/wp\/v2\/posts\/155362","targetHints":{"allow":["GET"]}}],"collection":[{"href":"https:\/\/diariodominicano.com\/index.php?rest_route=\/wp\/v2\/posts"}],"about":[{"href":"https:\/\/diariodominicano.com\/index.php?rest_route=\/wp\/v2\/types\/post"}],"author":[{"embeddable":true,"href":"https:\/\/diariodominicano.com\/index.php?rest_route=\/wp\/v2\/users\/3"}],"replies":[{"embeddable":true,"href":"https:\/\/diariodominicano.com\/index.php?rest_route=%2Fwp%2Fv2%2Fcomments&post=155362"}],"version-history":[{"count":0,"href":"https:\/\/diariodominicano.com\/index.php?rest_route=\/wp\/v2\/posts\/155362\/revisions"}],"wp:attachment":[{"href":"https:\/\/diariodominicano.com\/index.php?rest_route=%2Fwp%2Fv2%2Fmedia&parent=155362"}],"wp:term":[{"taxonomy":"category","embeddable":true,"href":"https:\/\/diariodominicano.com\/index.php?rest_route=%2Fwp%2Fv2%2Fcategories&post=155362"},{"taxonomy":"post_tag","embeddable":true,"href":"https:\/\/diariodominicano.com\/index.php?rest_route=%2Fwp%2Fv2%2Ftags&post=155362"}],"curies":[{"name":"wp","href":"https:\/\/api.w.org\/{rel}","templated":true}]}}