{"id":155361,"date":"2010-11-19T18:48:08","date_gmt":"2010-11-19T18:48:08","guid":{"rendered":"http:\/\/diariodominicano.ddns.net\/?p=155361"},"modified":"2010-11-19T18:48:08","modified_gmt":"2010-11-19T18:48:08","slug":"colombia-busca-reanudar-cooperacion-antidrogas-con-venezuela","status":"publish","type":"post","link":"https:\/\/diariodominicano.com\/?p=155361","title":{"rendered":"Colombia busca reanudar cooperaci\u00f3n antidrogas con Venezuela"},"content":{"rendered":"<p><body><\/p>\n<\/p>\n<p><span class=\"text1noticias\"> Por CESAR GARCIA<\/span><\/p>\n<\/p>\n<p><span class=\"text1noticias\">The Associated Press<\/span><\/p>\n<p><span class=\"text1noticias\">CARTATENA, Colombia &#8212; Tras m\u00e1s de un a\u00f1o sin ning\u00fan contacto entre sus respectivas autoridades antinarc\u00f3ticos, delegados de Colombia y Venezuela iniciaron el viernes discusiones de un d\u00eda en este balneario caribe\u00f1o colombiano en busca de renovar su cooperaci\u00f3n frente al narcotr\u00e1fico.<\/span><\/p>\n<\/p>\n<p><span class=\"text1noticias\">La reuni\u00f3n fue acordada el 2 de noviembre durante una visita del mandatario colombiano Juan Manuel Santos a su colega Hugo Ch\u00e1vez.<\/span><\/p>\n<\/p>\n<p><span class=\"text1noticias\">Con una frontera com\u00fan de m\u00e1s de 2.000 kil\u00f3metros, en los que el lado colombiano es el mayor productor mundial de coca\u00edna y el venezolano una de las puertas de salida de esa droga hacia Estados Unidos, Europa y Africa, los organismos antidrogas de ambas naciones ni se hablaban durante el a\u00f1o largo en que las relaciones bilaterales estuvieron \u00abcongeladas\u00bb por Ch\u00e1vez, molesto por quejas colombianas sobre su supuesta colaboraci\u00f3n con grupos guerrilleros. <\/span><\/p>\n<\/p>\n<p><span class=\"text1noticias\">Gracias a gestiones de Argentina y Brasil, Ch\u00e1vez visit\u00f3 Colombia el 10 de octubre, y junto con Santos anunci\u00f3 la reanudaci\u00f3n de esas relaciones.<\/span><\/p>\n<\/p>\n<p><span class=\"text1noticias\">En una breve declaraci\u00f3n a los reporteros, sin aceptar preguntas, al inicio de su encuentro aqu\u00ed, el ministro de Defensa de Colombia, Rodrigo Rivera, y el del Interior y Justicia de Venezuela, Tareck El Aissami cuyas carteras son las encargadas de la lucha antidrogas, dijeron que reanudar y mejorar la cooperaci\u00f3n resultar\u00eda en mayores decomisos y en una reducci\u00f3n de la criminalidad.<\/span><\/p>\n<\/p>\n<p><span class=\"text1noticias\">\u00abEsta integraci\u00f3n, ministro, es una muy mala noticia para los delincuentes\u00bb, dijo Rivera al destacar que desde agosto pasado y hasta ahora Bogot\u00e1 y Caracas han cooperado tanto en la detenci\u00f3n de presuntos narcotraficantes como la deportaci\u00f3n y extradici\u00f3n de otros a terceros pa\u00edses.<\/span><\/p>\n<\/p>\n<p><span class=\"text1noticias\">El Aissami dijo que \u00abel objetivo (de la cita) es consolidar cada vez m\u00e1s y fortalecer los mecanismos de lucha que se emprenden desde Colombia\u00bb y Venezuela.<\/span><\/p>\n<\/p>\n<p><span class=\"text1noticias\">Agreg\u00f3 que como muestra de las acciones de su gobierno, descrito por autoridades estadounidenses como poco colaborador en la lucha antidrogas, en 2010 ya se decomisaron m\u00e1s de 60 toneladas de distintos tipos de drogas, que no especific\u00f3, y al menos 6.900 personas hab\u00edan sido detenidas y procesadas por tr\u00e1fico de estupefacientes.<\/span><\/p>\n<\/p>\n<p><span class=\"text1noticias\">Desde 1999, cuando Ch\u00e1vez asumi\u00f3 la presidencia, los decomisos de drogas ascienden a 566 toneladas, sin incluir las de este a\u00f1o, dijo el ministro venezolano.<\/span><\/p>\n<\/p>\n<p><span class=\"text1noticias\">Santos ha dicho que dio su palabra a Ch\u00e1vez de extraditar a Venezuela a Walid Makled, un venezolano de origen sirio de 41 a\u00f1os, que es pedido tanto por las autoridades de Estados Unidos como las venezolanas por cargos de tr\u00e1fico de drogas.<\/span><\/p>\n<\/p>\n<p><span class=\"text1noticias\">Makled fue detenido el 19 de agosto en C\u00facuta, una ciudad colombiana fronteriza, y ha dicho desde prisi\u00f3n a medios venezolanos que pag\u00f3 sobornos a altos funcionarios militares venezolanos cercanos colaboradores de Ch\u00e1vez, y a un hermano del ministro El Aissami, que lo niegan.<\/span><\/p>\n<\/p>\n<p><span class=\"text1noticias\">Santos ha dicho que la Corte Suprema de Justicia colombiana puede tomar de seis a 18 meses para decidir sobre la extradici\u00f3n de Makled.<\/span><\/p>\n<\/p>\n<\/p>\n<p>Read more: http:\/\/www.elnuevoherald.com\/2010\/11\/19\/840451\/colombia-busca-reanudar-cooperacion.html#ixzz15lsREpLI<\/p>\n<h6> 2010-11-19 18:48:08 <\/h6>\n<p><!--\n<link rel=\"stylesheet\" href=\"css\/bootstrap.min.css\">\n\n\n<ul class=\"pagination\">\n\t    \n\t\n\n<li >\n\t<a href='?page_no=30528'>Previous<\/a>\n\t<\/li>\n\n\n       \n    \n\n<li><a href='?page_no=1'>1<\/a><\/li>\n\n\n\n<li><a href='?page_no=2'>2<\/a><\/li>\n\n\n\n<li><a>...<\/a><\/li>\n\n\n\n<li><a href='?page_no=30527'>30527<\/a><\/li>\n\n\n\n<li><a href='?page_no=30528'>30528<\/a><\/li>\n\n\n\n<li class='active'><a>30529<\/a><\/li>\n\n\n\n<li><a href='?page_no=30530'>30530<\/a><\/li>\n\n\n\n<li><a href='?page_no=30531'>30531<\/a><\/li>\n\n\n\n<li><a>...<\/a><\/li>\n\n\n\n<li><a href='?page_no=31963'>31963<\/a><\/li>\n\n\n\n<li><a href='?page_no=31964'>31964<\/a><\/li>\n\n    \n\t\n\n<li >\n\t<a href='?page_no=30530'>Next<\/a>\n\t<\/li>\n\n\n    \n\n<li><a href='?page_no=31964'>Last &rsaquo;&rsaquo;<\/a><\/li>\n\n<\/ul>\n\n\n--><br \/>\n<\/body><\/p>\n","protected":false},"excerpt":{"rendered":"<p>Por CESAR GARCIA The Associated Press CARTATENA, Colombia &#8212; Tras m\u00e1s de un a\u00f1o sin ning\u00fan contacto entre sus respectivas autoridades antinarc\u00f3ticos, delegados de Colombia y Venezuela iniciaron el viernes discusiones de un d\u00eda en este balneario caribe\u00f1o colombiano en busca de renovar su cooperaci\u00f3n frente al narcotr\u00e1fico. La reuni\u00f3n fue acordada el 2 de [&hellip;]<\/p>\n","protected":false},"author":3,"featured_media":0,"comment_status":"open","ping_status":"open","sticky":false,"template":"","format":"standard","meta":{"footnotes":""},"categories":[24],"tags":[],"class_list":["post-155361","post","type-post","status-publish","format-standard","hentry","category-justicia-y-derecho"],"_links":{"self":[{"href":"https:\/\/diariodominicano.com\/index.php?rest_route=\/wp\/v2\/posts\/155361","targetHints":{"allow":["GET"]}}],"collection":[{"href":"https:\/\/diariodominicano.com\/index.php?rest_route=\/wp\/v2\/posts"}],"about":[{"href":"https:\/\/diariodominicano.com\/index.php?rest_route=\/wp\/v2\/types\/post"}],"author":[{"embeddable":true,"href":"https:\/\/diariodominicano.com\/index.php?rest_route=\/wp\/v2\/users\/3"}],"replies":[{"embeddable":true,"href":"https:\/\/diariodominicano.com\/index.php?rest_route=%2Fwp%2Fv2%2Fcomments&post=155361"}],"version-history":[{"count":0,"href":"https:\/\/diariodominicano.com\/index.php?rest_route=\/wp\/v2\/posts\/155361\/revisions"}],"wp:attachment":[{"href":"https:\/\/diariodominicano.com\/index.php?rest_route=%2Fwp%2Fv2%2Fmedia&parent=155361"}],"wp:term":[{"taxonomy":"category","embeddable":true,"href":"https:\/\/diariodominicano.com\/index.php?rest_route=%2Fwp%2Fv2%2Fcategories&post=155361"},{"taxonomy":"post_tag","embeddable":true,"href":"https:\/\/diariodominicano.com\/index.php?rest_route=%2Fwp%2Fv2%2Ftags&post=155361"}],"curies":[{"name":"wp","href":"https:\/\/api.w.org\/{rel}","templated":true}]}}