{"id":155360,"date":"2010-11-19T19:20:57","date_gmt":"2010-11-19T19:20:57","guid":{"rendered":"http:\/\/diariodominicano.ddns.net\/?p=155360"},"modified":"2010-11-19T19:20:57","modified_gmt":"2010-11-19T19:20:57","slug":"vicepresidente-asegura-colera-esta-controlado-en-rd-frontera-esta-asegurada-por-autoridades","status":"publish","type":"post","link":"https:\/\/diariodominicano.com\/?p=155360","title":{"rendered":"Vicepresidente asegura colera esta controlado en RD, frontera esta asegurada por autoridades"},"content":{"rendered":"<p><body><\/p>\n<p><span class=\"text1noticias\">Santo Domingo, R.D.- El vicepresidente de la Rep\u00fablica, doctor Rafael Alburquerque, afirm\u00f3 que el Gobierno tiene total control sobre la enfermedad del C\u00f3lera en el pa\u00eds, y que los tres casos detectados, ya est\u00e1n bajo tratamiento m\u00e9dico y debidamente atendidos por las autoridades de salud.<\/span><\/p>\n<\/p>\n<p><span class=\"text1noticias\">El vicepresidente Alburquerque record\u00f3 que tal y como inform\u00f3 el Presidente Leonel Fern\u00e1ndez, a trav\u00e9s de la coordinaci\u00f3n con el Ministerio de Salud, el Colegio M\u00e9dico Dominicano, la Organizaci\u00f3n Panamericana de la Salud y otros organismos, el pa\u00eds ha desarrollado una estrategia efectiva para controlar esa enfermedad en el pa\u00eds.<\/span><\/p>\n<\/p>\n<p><span class=\"text1noticias\">\u00abTenemos control total en la frontera dominico-haitiano, hasta el punto que se suspendi\u00f3 el Mercado Binacional del lado dominicano, como medida de prevenci\u00f3n, porque estamos tomando todas las medidas necesarias, tal y como estableci\u00f3 el se\u00f1or Presiente Leonel Fern\u00e1ndez, para evitar la propagaci\u00f3n del C\u00f3lera en nuestro territorio\u00bb, explic\u00f3 el vicepresidente, durante una visita que realiz\u00f3 la Jurisdicci\u00f3n Inmobiliaria del Tribunal Superior de Tierras, junto al presidente de la Suprema.<\/span><\/p>\n<\/p>\n<p><span class=\"text1noticias\">Con relaci\u00f3n a los recientes casos de narcotr\u00e1ficos, en los que se han visto envueltos militares y civiles, Alburquerque record\u00f3 que en el presente gobierno no hay impunidad contra la corrupci\u00f3n y el crimen organizado, y que todos los implicados en casos recientes, ya sean militares o civiles, han sido sometidos a la justicia cuando se le atrapa en esas acciones.<\/span><\/p>\n<\/p>\n<p><span class=\"text1noticias\">\u00abEl militar o civil que incurra en actos de corrupci\u00f3n o delito del narcotr\u00e1fico y crimen organizado ser\u00e1 sometido a la justicia, sin importar si es militar o civil, porque el Gobierno del Presidente Leonel Fern\u00e1ndez tiene una lucha sin cuartel contra la corrupci\u00f3n, el narcotr\u00e1fico y el crimen organizado\u00bb, record\u00f3 Alburquerque.<\/span><\/p>\n<\/p>\n<p><span class=\"text1noticias\">El vicepresidente realiz\u00f3 un recorrido por las instalaciones de la Jurisdicci\u00f3n Inmobiliaria del Tribunal Superior de Tierra, de la Suprema Corte de la Justicia (SCJ), junto al presidente del Alto Tribunal, Jorge Subero Isa, donde ponder\u00f3 los avances logrados en esa dependencia judicial, para garantizar la propiedad inmobiliaria del pa\u00eds.<\/span><\/p>\n<p><span class=\"text1noticias\"> <\/span><\/p>\n<\/p>\n<h6> 2010-11-19 19:20:57 <\/h6>\n<p><!--\n<link rel=\"stylesheet\" href=\"css\/bootstrap.min.css\">\n\n\n<ul class=\"pagination\">\n\t    \n\t\n\n<li >\n\t<a href='?page_no=30527'>Previous<\/a>\n\t<\/li>\n\n\n       \n    \n\n<li><a href='?page_no=1'>1<\/a><\/li>\n\n\n\n<li><a href='?page_no=2'>2<\/a><\/li>\n\n\n\n<li><a>...<\/a><\/li>\n\n\n\n<li><a href='?page_no=30526'>30526<\/a><\/li>\n\n\n\n<li><a href='?page_no=30527'>30527<\/a><\/li>\n\n\n\n<li class='active'><a>30528<\/a><\/li>\n\n\n\n<li><a href='?page_no=30529'>30529<\/a><\/li>\n\n\n\n<li><a href='?page_no=30530'>30530<\/a><\/li>\n\n\n\n<li><a>...<\/a><\/li>\n\n\n\n<li><a href='?page_no=31963'>31963<\/a><\/li>\n\n\n\n<li><a href='?page_no=31964'>31964<\/a><\/li>\n\n    \n\t\n\n<li >\n\t<a href='?page_no=30529'>Next<\/a>\n\t<\/li>\n\n\n    \n\n<li><a href='?page_no=31964'>Last &rsaquo;&rsaquo;<\/a><\/li>\n\n<\/ul>\n\n\n--><br \/>\n<\/body><\/p>\n","protected":false},"excerpt":{"rendered":"<p>Santo Domingo, R.D.- El vicepresidente de la Rep\u00fablica, doctor Rafael Alburquerque, afirm\u00f3 que el Gobierno tiene total control sobre la enfermedad del C\u00f3lera en el pa\u00eds, y que los tres casos detectados, ya est\u00e1n bajo tratamiento m\u00e9dico y debidamente atendidos por las autoridades de salud. El vicepresidente Alburquerque record\u00f3 que tal y como inform\u00f3 el [&hellip;]<\/p>\n","protected":false},"author":3,"featured_media":0,"comment_status":"open","ping_status":"open","sticky":false,"template":"","format":"standard","meta":{"footnotes":""},"categories":[24],"tags":[],"class_list":["post-155360","post","type-post","status-publish","format-standard","hentry","category-justicia-y-derecho"],"_links":{"self":[{"href":"https:\/\/diariodominicano.com\/index.php?rest_route=\/wp\/v2\/posts\/155360","targetHints":{"allow":["GET"]}}],"collection":[{"href":"https:\/\/diariodominicano.com\/index.php?rest_route=\/wp\/v2\/posts"}],"about":[{"href":"https:\/\/diariodominicano.com\/index.php?rest_route=\/wp\/v2\/types\/post"}],"author":[{"embeddable":true,"href":"https:\/\/diariodominicano.com\/index.php?rest_route=\/wp\/v2\/users\/3"}],"replies":[{"embeddable":true,"href":"https:\/\/diariodominicano.com\/index.php?rest_route=%2Fwp%2Fv2%2Fcomments&post=155360"}],"version-history":[{"count":0,"href":"https:\/\/diariodominicano.com\/index.php?rest_route=\/wp\/v2\/posts\/155360\/revisions"}],"wp:attachment":[{"href":"https:\/\/diariodominicano.com\/index.php?rest_route=%2Fwp%2Fv2%2Fmedia&parent=155360"}],"wp:term":[{"taxonomy":"category","embeddable":true,"href":"https:\/\/diariodominicano.com\/index.php?rest_route=%2Fwp%2Fv2%2Fcategories&post=155360"},{"taxonomy":"post_tag","embeddable":true,"href":"https:\/\/diariodominicano.com\/index.php?rest_route=%2Fwp%2Fv2%2Ftags&post=155360"}],"curies":[{"name":"wp","href":"https:\/\/api.w.org\/{rel}","templated":true}]}}