{"id":155359,"date":"2010-11-19T19:45:24","date_gmt":"2010-11-19T19:45:24","guid":{"rendered":"http:\/\/diariodominicano.ddns.net\/?p=155359"},"modified":"2010-11-19T19:45:24","modified_gmt":"2010-11-19T19:45:24","slug":"ministerios-de-trabajo-e-industria-y-comercio-inician-proceso-conjunto-para-la-formulacion-de-normativa-para-la-seguridad-minera","status":"publish","type":"post","link":"https:\/\/diariodominicano.com\/?p=155359","title":{"rendered":"Ministerios de Trabajo e Industria y Comercio inician proceso conjunto para la formulaci\u00f3n de normativa para la seguridad minera"},"content":{"rendered":"<p><body><\/p>\n<p><span class=\"text1noticias\"> <\/span><\/p>\n<p><span class=\"text1noticias\">Los ministerios de Trabajo e Industria y Comercio desarrollan una propuesta de resoluci\u00f3n de Normas B\u00e1sicas de Seguridad Minera de la Rep\u00fablica Dominicana, que busca regular las actividades mineras, tanto a cielo abierto como a profundidad, que se realizan en el territorio dominicano.<\/span><\/p>\n<\/p>\n<p><span class=\"text1noticias\">La presentaci\u00f3n de esta propuesta es parte de las acciones del Sysm\u00edn II (9 ACP DO 006) que es un programa de apoyo al sector minero de la Rep\u00fablica Dominicana (aluminio, oro, plata, n\u00edquel; minerales semipreciosos; rocas ornamentales etc\u00e9tera), que presta la Uni\u00f3n Europea  a la Direcci\u00f3n General de Miner\u00eda, conjuntamente con la Direcci\u00f3n General de Seguridad y Salud del Ministerio de Trabajo.<\/span><\/p>\n<\/p>\n<p><span class=\"text1noticias\">El Sysmin cuenta con una aportaci\u00f3n de 30 millones de euros y tiene una duraci\u00f3n de 5 a\u00f1os. Se articula en torno a tres \u00e1reas de actividades, como son el fortalecimiento institucional y provisi\u00f3n de datos geocient\u00edficos; medidas de remediaci\u00f3n medioambiental en la mina de Pueblo Viejo y apoyo a la miner\u00eda artesanal.<\/span><\/p>\n<\/p>\n<p><span class=\"text1noticias\">El viceministro de Trabajo, licenciado Andr\u00e9s Santana, habl\u00f3 sobre la importancia de contar con una herramienta como la normativa para la seguridad minera que contribuya a regular las condiciones de seguridad y salud en la que operan los trabajadores de minas.<\/span><\/p>\n<p><span class=\"text1noticias\"> <\/span><\/p>\n<p><span class=\"text1noticias\">Por otra parte, el ge\u00f3logo Octavio L\u00f3pez, director general de Miner\u00eda, resalt\u00f3 el hecho de que Rep\u00fablica Dominicana es el primer pa\u00eds de Am\u00e9rica con mapas geol\u00f3gicos a escala terminados, lo que convierte al pa\u00eds en modelo en t\u00e9rminos de desarrollo geocient\u00edfico. Consider\u00f3 la presentaci\u00f3n de la normativa como un salto cualitativo en lo relativo a la disciplina laboral, que contribuye a reducir los riesgos que se generan en la faena minera.<\/span><\/p>\n<p><span class=\"text1noticias\"> <\/span><\/p>\n<p><span class=\"text1noticias\">La propuesta de resoluci\u00f3n de Normas B\u00e1sicas de Seguridad Minera busca cubrir un vac\u00edo normativo que existe en esta materia, por lo que la misma ser\u00e1 complementaria del Reglamento 522-06 sobre Seguridad y Salud en el Trabajo y abrir\u00eda espacios para la concertaci\u00f3n de los actores involucrados en el proceso de explotaci\u00f3n de yacimientos mineros y favorecer\u00eda la adherencia de Rep\u00fablica Dominicana al Convenio 176 sobre Seguridad Minera, firmado en el a\u00f1o 1995 a trav\u00e9s de Organizaci\u00f3n Internacional de Trabajo (OIT), el cual ha sido ratificado por m\u00e1s de 70 pa\u00edses.<\/span><\/p>\n<p><span class=\"text1noticias\"> <\/span><\/p>\n<p><span class=\"text1noticias\">En el Art\u00edculo 9 de la propuesta de Normas B\u00e1sica Minera, se prev\u00e9 la creaci\u00f3n de la Comisi\u00f3n Nacional de Seguridad Minera de la Rep\u00fablica Dominicana que funcionar\u00e1  como foro tripartito y estar\u00e1 integrada por los ministerios que lideran el proceso, as\u00ed como por los  ministerios de Medio Ambiente y Recursos Naturales, Salud P\u00fablica y Obras P\u00fablicas; por los representantes de los empleadores de las principales empresas mineras, representantes de los trabajadores  y expertos en la materia.<\/span><\/p>\n<p><span class=\"text1noticias\"> <\/span><\/p>\n<p><span class=\"text1noticias\">Esta comisi\u00f3n tiene tres grandes objetivos: como son buscar soluciones de manera tripartita para mejorar las condiciones de seguridad y salud en el trabajo en el sector minero; asesorar a la Direcci\u00f3n General de Higiene y Seguridad Industrial en el desarrollo de pol\u00edticas, normativas y protocolos de vigilancia de la seguridad y salud en el trabajo del sector minero e impulsar la solidaridad en el sector minero, de tal suerte que las empresas que cuentan con sistemas de gesti\u00f3n de seguridad y salud robustos apoyen aquellas empresas que no cuentan con sistemas de gesti\u00f3n.<\/span><\/p>\n<\/p>\n<p><span class=\"text1noticias\">En la reuni\u00f3n participaron el viceministro de Trabajo, licenciado Andr\u00e9s Santana; la directora general de Seguridad y Salud, licenciada Miguelina Ram\u00edrez Kelly; el director general de Miner\u00eda, ingeniero Octavio L\u00f3pez y el experto en Seguridad Minera de la Uni\u00f3n Europea, ingeniero en Minas y ge\u00f3logo Rafael Varea.<\/span><\/p>\n<\/p>\n<h6> 2010-11-19 19:45:24 <\/h6>\n<p><!--\n<link rel=\"stylesheet\" href=\"css\/bootstrap.min.css\">\n\n\n<ul class=\"pagination\">\n\t    \n\t\n\n<li >\n\t<a href='?page_no=30526'>Previous<\/a>\n\t<\/li>\n\n\n       \n    \n\n<li><a href='?page_no=1'>1<\/a><\/li>\n\n\n\n<li><a href='?page_no=2'>2<\/a><\/li>\n\n\n\n<li><a>...<\/a><\/li>\n\n\n\n<li><a href='?page_no=30525'>30525<\/a><\/li>\n\n\n\n<li><a href='?page_no=30526'>30526<\/a><\/li>\n\n\n\n<li class='active'><a>30527<\/a><\/li>\n\n\n\n<li><a href='?page_no=30528'>30528<\/a><\/li>\n\n\n\n<li><a href='?page_no=30529'>30529<\/a><\/li>\n\n\n\n<li><a>...<\/a><\/li>\n\n\n\n<li><a href='?page_no=31963'>31963<\/a><\/li>\n\n\n\n<li><a href='?page_no=31964'>31964<\/a><\/li>\n\n    \n\t\n\n<li >\n\t<a href='?page_no=30528'>Next<\/a>\n\t<\/li>\n\n\n    \n\n<li><a href='?page_no=31964'>Last &rsaquo;&rsaquo;<\/a><\/li>\n\n<\/ul>\n\n\n--><br \/>\n<\/body><\/p>\n","protected":false},"excerpt":{"rendered":"<p>Los ministerios de Trabajo e Industria y Comercio desarrollan una propuesta de resoluci\u00f3n de Normas B\u00e1sicas de Seguridad Minera de la Rep\u00fablica Dominicana, que busca regular las actividades mineras, tanto a cielo abierto como a profundidad, que se realizan en el territorio dominicano. La presentaci\u00f3n de esta propuesta es parte de las acciones del Sysm\u00edn [&hellip;]<\/p>\n","protected":false},"author":3,"featured_media":0,"comment_status":"open","ping_status":"open","sticky":false,"template":"","format":"standard","meta":{"footnotes":""},"categories":[24],"tags":[],"class_list":["post-155359","post","type-post","status-publish","format-standard","hentry","category-justicia-y-derecho"],"_links":{"self":[{"href":"https:\/\/diariodominicano.com\/index.php?rest_route=\/wp\/v2\/posts\/155359","targetHints":{"allow":["GET"]}}],"collection":[{"href":"https:\/\/diariodominicano.com\/index.php?rest_route=\/wp\/v2\/posts"}],"about":[{"href":"https:\/\/diariodominicano.com\/index.php?rest_route=\/wp\/v2\/types\/post"}],"author":[{"embeddable":true,"href":"https:\/\/diariodominicano.com\/index.php?rest_route=\/wp\/v2\/users\/3"}],"replies":[{"embeddable":true,"href":"https:\/\/diariodominicano.com\/index.php?rest_route=%2Fwp%2Fv2%2Fcomments&post=155359"}],"version-history":[{"count":0,"href":"https:\/\/diariodominicano.com\/index.php?rest_route=\/wp\/v2\/posts\/155359\/revisions"}],"wp:attachment":[{"href":"https:\/\/diariodominicano.com\/index.php?rest_route=%2Fwp%2Fv2%2Fmedia&parent=155359"}],"wp:term":[{"taxonomy":"category","embeddable":true,"href":"https:\/\/diariodominicano.com\/index.php?rest_route=%2Fwp%2Fv2%2Fcategories&post=155359"},{"taxonomy":"post_tag","embeddable":true,"href":"https:\/\/diariodominicano.com\/index.php?rest_route=%2Fwp%2Fv2%2Ftags&post=155359"}],"curies":[{"name":"wp","href":"https:\/\/api.w.org\/{rel}","templated":true}]}}