{"id":155358,"date":"2010-11-19T20:07:32","date_gmt":"2010-11-19T20:07:32","guid":{"rendered":"http:\/\/diariodominicano.ddns.net\/?p=155358"},"modified":"2010-11-19T20:07:32","modified_gmt":"2010-11-19T20:07:32","slug":"gobierno-y-sector-zonas-francas-buscan-crear-un-millon-de-empleos-en-los-proximos-diez-anos","status":"publish","type":"post","link":"https:\/\/diariodominicano.com\/?p=155358","title":{"rendered":"Gobierno y Sector Zonas Francas buscan crear un mill\u00f3n de empleos en los pr\u00f3ximos diez a\u00f1os"},"content":{"rendered":"<p><body><\/p>\n<p><img decoding=\"async\" src=\"http:\/\/localhost:8080\/justiciayderecho\/img3\/pdte leonel y zona franca.JPG\" \/>  <\/p>\n<\/p>\n<p><span class=\"text1noticias\">El presidente Leonel Fern\u00e1ndez  mostr\u00f3 su  disposici\u00f3n de  apoyar una pol\u00edtica de  creaci\u00f3n de empleos que lleve al menos a  un mill\u00f3n de empleos en los pr\u00f3ximos ocho a diez a\u00f1os a trav\u00e9s de las zonas francas, afirm\u00f3 este viernes el presidente de la Asociaci\u00f3n Dominicana de Zonas Francas, Fernando Capell\u00e1n, tras reuni\u00f3n de los representantes de ese sector con el Mandatario.<\/span><\/p>\n<\/p>\n<p><span class=\"text1noticias\">Capell\u00e1n, quien estuvo acompa\u00f1ado de otros empresarios de zonas francas, inform\u00f3 que Fern\u00e1ndez asegur\u00f3 que el gobierno est\u00e1 en disposici\u00f3n de aportar lo que le corresponda al Estado Dominicano para fortalecer ese sector.<\/span><\/p>\n<\/p>\n<p><span class=\"text1noticias\"> \u00abEl presidente fue muy positivo en la reuni\u00f3n y con conocimiento incre\u00edble de la situaci\u00f3n internacional donde existe la oportunidad de crear ese mill\u00f3n de empleos que nosotros estamos proponiendo que se puede crear en los pr\u00f3ximos 8 a 10 a\u00f1os\u00bb, asegur\u00f3.<\/span><\/p>\n<\/p>\n<p><span class=\"text1noticias\">El dirigente empresarial explic\u00f3 que el sector zona franca tiene los mecanismos y las infraestructuras para crear un mill\u00f3n de empleos en los pr\u00f3ximos 8 a 10 a\u00f1os y en sentido Fern\u00e1ndez, se mostr\u00f3 dispuesto a ayudar.<\/span><\/p>\n<\/p>\n<p><span class=\"text1noticias\">Capell\u00e1n narr\u00f3 que el mandatario tiene un conocimiento amplio del mundo de las zonas francas en el pa\u00eds.<\/span><\/p>\n<\/p>\n<p><span class=\"text1noticias\">\u00abEl sector como sabemos es din\u00e1mico y realmente las oportunidades que existen hoy en el marco internacional nos da la conclusi\u00f3n que tenemos la experiencia, el talento y la infraestructura para crear un mill\u00f3n de empleos en los pr\u00f3ximos 8 a 10 a\u00f1os y basado en eso hay una cantidad de acciones que tiene que hacer el sector privado y otras que el Estado Dominicano tiene que apoyar para ese objetivo de fomentar el empleo formal en nuestro pa\u00eds\u00bb,  afirm\u00f3 Capell\u00e1n.<\/span><\/p>\n<\/p>\n<p><span class=\"text1noticias\">Los empresarios acudieron al Palacio Nacional en compa\u00f1\u00eda de Luisa Fern\u00e1ndez, directora ejecutiva del Consejo de Zonas Francas de Exportaci\u00f3n  (CNZFE), a entregarle al mandatario las conclusiones de la D\u00e9cimo Cuarta Reuni\u00f3n del Comit\u00e9 de Zonas Francas de las Am\u00e9ricas, a la que Fern\u00e1ndez hab\u00eda asistido. <\/span><\/p>\n<\/p>\n<p><span class=\"text1noticias\">En el encuentro realizado en un sal\u00f3n de la tercera de la planta de la Casa de Gobierno,  participaron adem\u00e1s, los empresarios  Manuel E. Tav\u00e1rez, Jos\u00e9 Tom\u00e1s Contreras y Aquiles Berm\u00fadez. Tambi\u00e9n, Miguel Lama, Eduardo Bogaert, Luis Manuel Pellerano y Jos\u00e9 Clase.<\/span><\/p>\n<\/p>\n<p><span class=\"text1noticias\">El presidente de la Rep\u00fablica, doctor Leonel Fern\u00e1ndez, estuvo acompa\u00f1ado del ministro Administrativo de la Presidencia, Luis Manuel Bonetti.<\/span><\/p>\n<\/p>\n<h6> 2010-11-19 20:07:32 <\/h6>\n<p><!--\n<link rel=\"stylesheet\" href=\"css\/bootstrap.min.css\">\n\n\n<ul class=\"pagination\">\n\t    \n\t\n\n<li >\n\t<a href='?page_no=30525'>Previous<\/a>\n\t<\/li>\n\n\n       \n    \n\n<li><a href='?page_no=1'>1<\/a><\/li>\n\n\n\n<li><a href='?page_no=2'>2<\/a><\/li>\n\n\n\n<li><a>...<\/a><\/li>\n\n\n\n<li><a href='?page_no=30524'>30524<\/a><\/li>\n\n\n\n<li><a href='?page_no=30525'>30525<\/a><\/li>\n\n\n\n<li class='active'><a>30526<\/a><\/li>\n\n\n\n<li><a href='?page_no=30527'>30527<\/a><\/li>\n\n\n\n<li><a href='?page_no=30528'>30528<\/a><\/li>\n\n\n\n<li><a>...<\/a><\/li>\n\n\n\n<li><a href='?page_no=31963'>31963<\/a><\/li>\n\n\n\n<li><a href='?page_no=31964'>31964<\/a><\/li>\n\n    \n\t\n\n<li >\n\t<a href='?page_no=30527'>Next<\/a>\n\t<\/li>\n\n\n    \n\n<li><a href='?page_no=31964'>Last &rsaquo;&rsaquo;<\/a><\/li>\n\n<\/ul>\n\n\n--><br \/>\n<\/body><\/p>\n","protected":false},"excerpt":{"rendered":"<p>El presidente Leonel Fern\u00e1ndez mostr\u00f3 su disposici\u00f3n de apoyar una pol\u00edtica de creaci\u00f3n de empleos que lleve al menos a un mill\u00f3n de empleos en los pr\u00f3ximos ocho a diez a\u00f1os a trav\u00e9s de las zonas francas, afirm\u00f3 este viernes el presidente de la Asociaci\u00f3n Dominicana de Zonas Francas, Fernando Capell\u00e1n, tras reuni\u00f3n de los [&hellip;]<\/p>\n","protected":false},"author":3,"featured_media":0,"comment_status":"open","ping_status":"open","sticky":false,"template":"","format":"standard","meta":{"footnotes":""},"categories":[24],"tags":[],"class_list":["post-155358","post","type-post","status-publish","format-standard","hentry","category-justicia-y-derecho"],"_links":{"self":[{"href":"https:\/\/diariodominicano.com\/index.php?rest_route=\/wp\/v2\/posts\/155358","targetHints":{"allow":["GET"]}}],"collection":[{"href":"https:\/\/diariodominicano.com\/index.php?rest_route=\/wp\/v2\/posts"}],"about":[{"href":"https:\/\/diariodominicano.com\/index.php?rest_route=\/wp\/v2\/types\/post"}],"author":[{"embeddable":true,"href":"https:\/\/diariodominicano.com\/index.php?rest_route=\/wp\/v2\/users\/3"}],"replies":[{"embeddable":true,"href":"https:\/\/diariodominicano.com\/index.php?rest_route=%2Fwp%2Fv2%2Fcomments&post=155358"}],"version-history":[{"count":0,"href":"https:\/\/diariodominicano.com\/index.php?rest_route=\/wp\/v2\/posts\/155358\/revisions"}],"wp:attachment":[{"href":"https:\/\/diariodominicano.com\/index.php?rest_route=%2Fwp%2Fv2%2Fmedia&parent=155358"}],"wp:term":[{"taxonomy":"category","embeddable":true,"href":"https:\/\/diariodominicano.com\/index.php?rest_route=%2Fwp%2Fv2%2Fcategories&post=155358"},{"taxonomy":"post_tag","embeddable":true,"href":"https:\/\/diariodominicano.com\/index.php?rest_route=%2Fwp%2Fv2%2Ftags&post=155358"}],"curies":[{"name":"wp","href":"https:\/\/api.w.org\/{rel}","templated":true}]}}