{"id":155357,"date":"2010-11-19T20:22:26","date_gmt":"2010-11-19T20:22:26","guid":{"rendered":"http:\/\/diariodominicano.ddns.net\/?p=155357"},"modified":"2010-11-19T20:22:26","modified_gmt":"2010-11-19T20:22:26","slug":"jovenes-de-la-iber-apoyan-reclamo-de-4-para-la-educacion","status":"publish","type":"post","link":"https:\/\/diariodominicano.com\/?p=155357","title":{"rendered":"Jovenes de la IBER apoyan reclamo de 4% para la Educaci\u00f2n"},"content":{"rendered":"<p><body><\/p>\n<\/p>\n<p><span class=\"text1noticias\">Cuatro j\u00f2venes de la Iglesia Bautista El Redil se lanzan a apoyar p\u00f9blicamente el reclamo de algunos grupos sociales para que se modifique el Presupuesto General y se le asigne un cuatro por ciento a la Educaci\u00f2n.<\/span><\/p>\n<p><span class=\"text1noticias\"> <\/span><\/p>\n<p><span class=\"text1noticias\">\u00abNo podemos ser indiferentes frente a las necesidades de nuestro pa\u00ecs como j\u00f2venes cristianos\u00bb, expres\u00f2 la joven Perla Mella, quien forma parte de esta iniciativa.<\/span><\/p>\n<p><span class=\"text1noticias\"> <\/span><\/p>\n<p><span class=\"text1noticias\">Dijo adem\u00e1s: \u00abAunque estamos muy claros respecto a nuestro compromiso con el Reino de Dios y que todo en este sistema mundanal es transitorio, tambi\u00e8n tenemos una responsabilidad social que responde a una verdadera e integral vocaci\u00f2n cristiana\u00bb.<\/span><\/p>\n<p><span class=\"text1noticias\"> <\/span><\/p>\n<p><span class=\"text1noticias\">El grupo de j\u00f2venes, quienes se hacen llamar: \u00abCuatro para Cristo\u00bb tiene planificado una serie de actividades relacionadas con el proyecto. Su consigna es:  \u00ab4% para la Educaci\u00f2n; 100% para Cristo\u00bb.<\/span><\/p>\n<p><span class=\"text1noticias\"> <\/span><\/p>\n<p><span class=\"text1noticias\">Ya han colocado en la ciudad una serie de afiches para motivar a la ciudadan\u00eca a unirse a esta causa, han visitado escuelas y juntas de vecinos.<\/span><\/p>\n<p><span class=\"text1noticias\"> <\/span><\/p>\n<p><span class=\"text1noticias\">Los dem\u00e0s miembros del referido grupo juvenil, son: Saury Zapata, estudiante de Derecho en la Universidad Aut\u00f2noma de Santo Domingo (UASD); Marisela Reyes, estudiante de Sicolog\u00eca Cl\u00ecnica, en la Universidad O&amp;M; y Alfredo Rodr\u00ecguez, bachiller.<\/span><\/p>\n<p><span class=\"text1noticias\"> <\/span><\/p>\n<p><span class=\"text1noticias\">Perla Mella es estudiante de t\u00e8rmino de Sociolog\u00eca, en la UASD.<\/span><\/p>\n<p><span class=\"text1noticias\"> <\/span><\/p>\n<p><span class=\"text1noticias\">Los Cuatro para Cristo hacen un llamado de unirse a la idea a los dem\u00e0s j\u00f2venes cristianos de San Crist\u00f2bal, as\u00ec como a los dem\u00e0s sectores de la sociedad.<\/span><\/p>\n<\/p>\n<p><span class=\"text1noticias\">Ellos esperan que se preste atenci\u00f2n a esta demanda, ya que, seg\u00f9n ellos, este pa\u00ecs s\u00f2lo tiene la esperanza de desarrollarse sobre la base de una buena Educaci\u00f2n, la cual, explican, debe llegar a toda la poblaci\u00f2n dominicana sin excepciones. <\/span><\/p>\n<\/p>\n<h6> 2010-11-19 20:22:26 <\/h6>\n<p><!--\n<link rel=\"stylesheet\" href=\"css\/bootstrap.min.css\">\n\n\n<ul class=\"pagination\">\n\t    \n\t\n\n<li >\n\t<a href='?page_no=30524'>Previous<\/a>\n\t<\/li>\n\n\n       \n    \n\n<li><a href='?page_no=1'>1<\/a><\/li>\n\n\n\n<li><a href='?page_no=2'>2<\/a><\/li>\n\n\n\n<li><a>...<\/a><\/li>\n\n\n\n<li><a href='?page_no=30523'>30523<\/a><\/li>\n\n\n\n<li><a href='?page_no=30524'>30524<\/a><\/li>\n\n\n\n<li class='active'><a>30525<\/a><\/li>\n\n\n\n<li><a href='?page_no=30526'>30526<\/a><\/li>\n\n\n\n<li><a href='?page_no=30527'>30527<\/a><\/li>\n\n\n\n<li><a>...<\/a><\/li>\n\n\n\n<li><a href='?page_no=31963'>31963<\/a><\/li>\n\n\n\n<li><a href='?page_no=31964'>31964<\/a><\/li>\n\n    \n\t\n\n<li >\n\t<a href='?page_no=30526'>Next<\/a>\n\t<\/li>\n\n\n    \n\n<li><a href='?page_no=31964'>Last &rsaquo;&rsaquo;<\/a><\/li>\n\n<\/ul>\n\n\n--><br \/>\n<\/body><\/p>\n","protected":false},"excerpt":{"rendered":"<p>Cuatro j\u00f2venes de la Iglesia Bautista El Redil se lanzan a apoyar p\u00f9blicamente el reclamo de algunos grupos sociales para que se modifique el Presupuesto General y se le asigne un cuatro por ciento a la Educaci\u00f2n. \u00abNo podemos ser indiferentes frente a las necesidades de nuestro pa\u00ecs como j\u00f2venes cristianos\u00bb, expres\u00f2 la joven Perla [&hellip;]<\/p>\n","protected":false},"author":3,"featured_media":0,"comment_status":"open","ping_status":"open","sticky":false,"template":"","format":"standard","meta":{"footnotes":""},"categories":[24],"tags":[],"class_list":["post-155357","post","type-post","status-publish","format-standard","hentry","category-justicia-y-derecho"],"_links":{"self":[{"href":"https:\/\/diariodominicano.com\/index.php?rest_route=\/wp\/v2\/posts\/155357","targetHints":{"allow":["GET"]}}],"collection":[{"href":"https:\/\/diariodominicano.com\/index.php?rest_route=\/wp\/v2\/posts"}],"about":[{"href":"https:\/\/diariodominicano.com\/index.php?rest_route=\/wp\/v2\/types\/post"}],"author":[{"embeddable":true,"href":"https:\/\/diariodominicano.com\/index.php?rest_route=\/wp\/v2\/users\/3"}],"replies":[{"embeddable":true,"href":"https:\/\/diariodominicano.com\/index.php?rest_route=%2Fwp%2Fv2%2Fcomments&post=155357"}],"version-history":[{"count":0,"href":"https:\/\/diariodominicano.com\/index.php?rest_route=\/wp\/v2\/posts\/155357\/revisions"}],"wp:attachment":[{"href":"https:\/\/diariodominicano.com\/index.php?rest_route=%2Fwp%2Fv2%2Fmedia&parent=155357"}],"wp:term":[{"taxonomy":"category","embeddable":true,"href":"https:\/\/diariodominicano.com\/index.php?rest_route=%2Fwp%2Fv2%2Fcategories&post=155357"},{"taxonomy":"post_tag","embeddable":true,"href":"https:\/\/diariodominicano.com\/index.php?rest_route=%2Fwp%2Fv2%2Ftags&post=155357"}],"curies":[{"name":"wp","href":"https:\/\/api.w.org\/{rel}","templated":true}]}}