{"id":155356,"date":"2010-11-19T21:00:32","date_gmt":"2010-11-19T21:00:32","guid":{"rendered":"http:\/\/diariodominicano.ddns.net\/?p=155356"},"modified":"2010-11-19T21:00:32","modified_gmt":"2010-11-19T21:00:32","slug":"dos-nuevos-casos-de-colera-en-rd","status":"publish","type":"post","link":"https:\/\/diariodominicano.com\/?p=155356","title":{"rendered":"&#13;Dos nuevos casos de c\u00f3lera en RD"},"content":{"rendered":"<p><body><\/p>\n<p><img decoding=\"async\" src=\"http:\/\/localhost:8080\/justiciayderecho\/img3\/Bautista Rojas gomez.jpg\" \/>  <\/p>\n<\/p>\n<p><span class=\"text1noticias\">Santo Domingo.-El Ministerio de Salud P\u00fablica inform\u00f3 este viernes de la identificaci\u00f3n de dos nuevos casos de personas que dieron positivas al an\u00e1lisis de c\u00f3lera, una ni\u00f1a de tres meses y su abuela, con las que suman tres las personas afectadas con la enfermedad en el pa\u00eds.<\/span><\/p>\n<\/p>\n<p><span class=\"text1noticias\">De acuerdo a la instituci\u00f3n una de las afectadas se encuentra hospitalizada y la otra recibe el tratamiento en su residencia de la provincia Santo Domingo.<\/span><\/p>\n<\/p>\n<p><span class=\"text1noticias\">El ministro de Salud P\u00fablica Bautista Rojas G\u00f3mez afirm\u00f3 que ambas mujeres se encuentran fuera de peligro y que se completa el tratamiento para darles de alta en los pr\u00f3ximos d\u00edas. En la Rep\u00fablica Dominicana se han registrado hasta el momento tres casos, incluyendo uno de nacionalidad haitiana.<\/span><\/p>\n<\/p>\n<p><span class=\"text1noticias\">Precis\u00f3 que dos de los casos corresponden a una misma familia, una abuela y una nieta de apenas tres meses de edad. La ni\u00f1a se encuentra hospitalizada, pero en buen estado de salud.<\/span><\/p>\n<\/p>\n<p><span class=\"text1noticias\">Respecto al paciente haitiano que lleg\u00f3 a la Rep\u00fablica Dominicana procedente de Chile, v\u00eda Panam\u00e1, no dio positivo a la bacteria que produce la enfermedad, sino que padece de otras complicaciones de salud.<\/span><\/p>\n<p><span class=\"text1noticias\">Dijo que la identificaci\u00f3n de los casos fue producto de la intensa labor de movilizaci\u00f3n   y b\u00fasqueda  activa de personas con diarrea o deshidrataci\u00f3n que llevan a cabo en todo el territorio nacional como medida preventiva.<\/span><\/p>\n<\/p>\n<p><span class=\"text1noticias\">Rojas G\u00f3mez ofreci\u00f3 las informaciones al dar a conocer el primer bolet\u00edn de Situaci\u00f3n del C\u00f3lera en conferencia de prensa en la sede del Ministerio de Salud P\u00fablica, tal y como hab\u00eda prometido a los medios de comunicaci\u00f3n. <\/span><\/p>\n<\/p>\n<p><span class=\"text1noticias\">Afirm\u00f3 que un personal a nivel nacional, compuesto de m\u00e9dicos, epidemi\u00f3logos, salubristas y promotores, seguir\u00e1 la b\u00fasqueda incesante de personas con cuadro diarreico y de deshidrataci\u00f3n para asistirlas de inmediato y determinar si se trata de la enfermedad. <\/span><\/p>\n<\/p>\n<p><span class=\"text1noticias\">\u00abEl Ministerio de Salud P\u00fablica est\u00e1 en toda la geograf\u00eda nacional laborando casa por casa,  en sectores, barrios, calles, callejones y comunidades para de esta forma prevenir cualquier asomo de brote del c\u00f3lera en territorio nacional\u00bb, destac\u00f3.     <\/span><\/p>\n<\/p>\n<p><span class=\"text1noticias\">El titular de Salud P\u00fablica sostuvo que el personal sanitario est\u00e1 diseminado por todo el pa\u00eds, debidamente  instruido en  c\u00f3mo manejar de forma est\u00e1ndar  los protocolos y gu\u00edas de atenci\u00f3n de personas que resulten afectadas de la enfermedad.<\/span><\/p>\n<\/p>\n<p><span class=\"text1noticias\">Afirm\u00f3 que desde las direcciones provinciales y de las \u00e1reas de salud se lleva a cabo un monitoreo constante y pormenorizado de la situaci\u00f3n epidemiol\u00f3gica en todas las demarcaciones a los fines de evitar eventualidades que luego salgan del control de las autoridades.<\/span><\/p>\n<\/p>\n<p><span class=\"text1noticias\">Tambi\u00e9n han sido intensificadas las acciones educativas e instructivas en todas las provincias del pa\u00eds, agreg\u00f3,  a trav\u00e9s delos medios de comunicaci\u00f3n masivos y han sido adicionalmente impresos y distribuidos materiales educativos de c\u00f3mo prevenir la enfermedad.<\/span><\/p>\n<\/p>\n<h6> 2010-11-19 21:00:32 <\/h6>\n<p><!--\n<link rel=\"stylesheet\" href=\"css\/bootstrap.min.css\">\n\n\n<ul class=\"pagination\">\n\t    \n\t\n\n<li >\n\t<a href='?page_no=30523'>Previous<\/a>\n\t<\/li>\n\n\n       \n    \n\n<li><a href='?page_no=1'>1<\/a><\/li>\n\n\n\n<li><a href='?page_no=2'>2<\/a><\/li>\n\n\n\n<li><a>...<\/a><\/li>\n\n\n\n<li><a href='?page_no=30522'>30522<\/a><\/li>\n\n\n\n<li><a href='?page_no=30523'>30523<\/a><\/li>\n\n\n\n<li class='active'><a>30524<\/a><\/li>\n\n\n\n<li><a href='?page_no=30525'>30525<\/a><\/li>\n\n\n\n<li><a href='?page_no=30526'>30526<\/a><\/li>\n\n\n\n<li><a>...<\/a><\/li>\n\n\n\n<li><a href='?page_no=31963'>31963<\/a><\/li>\n\n\n\n<li><a href='?page_no=31964'>31964<\/a><\/li>\n\n    \n\t\n\n<li >\n\t<a href='?page_no=30525'>Next<\/a>\n\t<\/li>\n\n\n    \n\n<li><a href='?page_no=31964'>Last &rsaquo;&rsaquo;<\/a><\/li>\n\n<\/ul>\n\n\n--><br \/>\n<\/body><\/p>\n","protected":false},"excerpt":{"rendered":"<p>Santo Domingo.-El Ministerio de Salud P\u00fablica inform\u00f3 este viernes de la identificaci\u00f3n de dos nuevos casos de personas que dieron positivas al an\u00e1lisis de c\u00f3lera, una ni\u00f1a de tres meses y su abuela, con las que suman tres las personas afectadas con la enfermedad en el pa\u00eds. De acuerdo a la instituci\u00f3n una de las [&hellip;]<\/p>\n","protected":false},"author":3,"featured_media":0,"comment_status":"open","ping_status":"open","sticky":false,"template":"","format":"standard","meta":{"footnotes":""},"categories":[24],"tags":[],"class_list":["post-155356","post","type-post","status-publish","format-standard","hentry","category-justicia-y-derecho"],"_links":{"self":[{"href":"https:\/\/diariodominicano.com\/index.php?rest_route=\/wp\/v2\/posts\/155356","targetHints":{"allow":["GET"]}}],"collection":[{"href":"https:\/\/diariodominicano.com\/index.php?rest_route=\/wp\/v2\/posts"}],"about":[{"href":"https:\/\/diariodominicano.com\/index.php?rest_route=\/wp\/v2\/types\/post"}],"author":[{"embeddable":true,"href":"https:\/\/diariodominicano.com\/index.php?rest_route=\/wp\/v2\/users\/3"}],"replies":[{"embeddable":true,"href":"https:\/\/diariodominicano.com\/index.php?rest_route=%2Fwp%2Fv2%2Fcomments&post=155356"}],"version-history":[{"count":0,"href":"https:\/\/diariodominicano.com\/index.php?rest_route=\/wp\/v2\/posts\/155356\/revisions"}],"wp:attachment":[{"href":"https:\/\/diariodominicano.com\/index.php?rest_route=%2Fwp%2Fv2%2Fmedia&parent=155356"}],"wp:term":[{"taxonomy":"category","embeddable":true,"href":"https:\/\/diariodominicano.com\/index.php?rest_route=%2Fwp%2Fv2%2Fcategories&post=155356"},{"taxonomy":"post_tag","embeddable":true,"href":"https:\/\/diariodominicano.com\/index.php?rest_route=%2Fwp%2Fv2%2Ftags&post=155356"}],"curies":[{"name":"wp","href":"https:\/\/api.w.org\/{rel}","templated":true}]}}