{"id":155354,"date":"2010-11-19T21:20:42","date_gmt":"2010-11-19T21:20:42","guid":{"rendered":"http:\/\/diariodominicano.ddns.net\/?p=155354"},"modified":"2010-11-19T21:20:42","modified_gmt":"2010-11-19T21:20:42","slug":"proceso-a-sobeida","status":"publish","type":"post","link":"https:\/\/diariodominicano.com\/?p=155354","title":{"rendered":"Proceso a Sobeida"},"content":{"rendered":"<p><body><\/p>\n<\/p>\n<p><span class=\"text1noticias\">SANTO DOMINGO.-Se realiza en estos momentos la  lectura a la decisi\u00f3n de la jueza del Segundo Juzgado de la Instrucci\u00f3n del Distrito Nacional de si env\u00eda juicio o no a los ocho implicados en el caso de Figueroa Agosto. <\/span><\/p>\n<\/p>\n<p><span class=\"text1noticias\">El veredicto de la magistrada Clariver Nivar Arias empez\u00f3 a leerse luego de varias horas de retrazos por problemas en la impresi\u00f3n del documento, debido a un fallo t\u00e9cnico. Sobeida Felix Morel y los dem\u00e1s siete acusados de lavado de activos provenientes del narcotr\u00e1fico aguardan por el fallo.<\/span><\/p>\n<h6> 2010-11-19 21:20:42 <\/h6>\n<p><!--\n<link rel=\"stylesheet\" href=\"css\/bootstrap.min.css\">\n\n\n<ul class=\"pagination\">\n\t    \n\t\n\n<li >\n\t<a href='?page_no=30521'>Previous<\/a>\n\t<\/li>\n\n\n       \n    \n\n<li><a href='?page_no=1'>1<\/a><\/li>\n\n\n\n<li><a href='?page_no=2'>2<\/a><\/li>\n\n\n\n<li><a>...<\/a><\/li>\n\n\n\n<li><a href='?page_no=30520'>30520<\/a><\/li>\n\n\n\n<li><a href='?page_no=30521'>30521<\/a><\/li>\n\n\n\n<li class='active'><a>30522<\/a><\/li>\n\n\n\n<li><a href='?page_no=30523'>30523<\/a><\/li>\n\n\n\n<li><a href='?page_no=30524'>30524<\/a><\/li>\n\n\n\n<li><a>...<\/a><\/li>\n\n\n\n<li><a href='?page_no=31963'>31963<\/a><\/li>\n\n\n\n<li><a href='?page_no=31964'>31964<\/a><\/li>\n\n    \n\t\n\n<li >\n\t<a href='?page_no=30523'>Next<\/a>\n\t<\/li>\n\n\n    \n\n<li><a href='?page_no=31964'>Last &rsaquo;&rsaquo;<\/a><\/li>\n\n<\/ul>\n\n\n--><br \/>\n<\/body><\/p>\n","protected":false},"excerpt":{"rendered":"<p>SANTO DOMINGO.-Se realiza en estos momentos la lectura a la decisi\u00f3n de la jueza del Segundo Juzgado de la Instrucci\u00f3n del Distrito Nacional de si env\u00eda juicio o no a los ocho implicados en el caso de Figueroa Agosto. El veredicto de la magistrada Clariver Nivar Arias empez\u00f3 a leerse luego de varias horas de [&hellip;]<\/p>\n","protected":false},"author":3,"featured_media":0,"comment_status":"open","ping_status":"open","sticky":false,"template":"","format":"standard","meta":{"footnotes":""},"categories":[24],"tags":[],"class_list":["post-155354","post","type-post","status-publish","format-standard","hentry","category-justicia-y-derecho"],"_links":{"self":[{"href":"https:\/\/diariodominicano.com\/index.php?rest_route=\/wp\/v2\/posts\/155354","targetHints":{"allow":["GET"]}}],"collection":[{"href":"https:\/\/diariodominicano.com\/index.php?rest_route=\/wp\/v2\/posts"}],"about":[{"href":"https:\/\/diariodominicano.com\/index.php?rest_route=\/wp\/v2\/types\/post"}],"author":[{"embeddable":true,"href":"https:\/\/diariodominicano.com\/index.php?rest_route=\/wp\/v2\/users\/3"}],"replies":[{"embeddable":true,"href":"https:\/\/diariodominicano.com\/index.php?rest_route=%2Fwp%2Fv2%2Fcomments&post=155354"}],"version-history":[{"count":0,"href":"https:\/\/diariodominicano.com\/index.php?rest_route=\/wp\/v2\/posts\/155354\/revisions"}],"wp:attachment":[{"href":"https:\/\/diariodominicano.com\/index.php?rest_route=%2Fwp%2Fv2%2Fmedia&parent=155354"}],"wp:term":[{"taxonomy":"category","embeddable":true,"href":"https:\/\/diariodominicano.com\/index.php?rest_route=%2Fwp%2Fv2%2Fcategories&post=155354"},{"taxonomy":"post_tag","embeddable":true,"href":"https:\/\/diariodominicano.com\/index.php?rest_route=%2Fwp%2Fv2%2Ftags&post=155354"}],"curies":[{"name":"wp","href":"https:\/\/api.w.org\/{rel}","templated":true}]}}