{"id":155353,"date":"2010-11-19T21:30:31","date_gmt":"2010-11-19T21:30:31","guid":{"rendered":"http:\/\/diariodominicano.ddns.net\/?p=155353"},"modified":"2010-11-19T21:30:31","modified_gmt":"2010-11-19T21:30:31","slug":"restos-de-freddy-beras-goico-estan-en-la-funeraria-blandino","status":"publish","type":"post","link":"https:\/\/diariodominicano.com\/?p=155353","title":{"rendered":"Restos de Freddy Beras Goico est\u00e1n en la Funeraria Blandino"},"content":{"rendered":"<p><body><\/p>\n<\/p>\n<p><span class=\"text1noticias\">Santo Domingo.-Los restos del productor y televisi\u00f3n Freddy Beras Goico llegaron ya a la Funeraria Blandino, luego de un r\u00e1pido recorrido desde el Aeropuerto Internacional de las Am\u00e9ricas, por donde llegaron desde Estados Unidos.<\/span><\/p>\n<\/p>\n<p><span class=\"text1noticias\">El trayecto se prolong\u00f3 menos de una hora, pues parti\u00f3 a las 4:00 y llegaron alrededor de las 4:50. Recorri\u00f3 la avenida Las Am\u00e9ricas, Espa\u00f1a, George Washington y finaliz\u00f3 en la Lincoln, donde est\u00e1 la funeraria, donde estar\u00e1n sus restos hasta este s\u00e1bado.<\/span><\/p>\n<\/p>\n<p><span class=\"text1noticias\">En la funeraria el cortejo fue recibido por familiares y diversas personalidades vinculadas al humorista, entre ellos Felipe Polanco -Boruga-, Cuquin Victoria, Roberto Salcedo, Jos\u00e9 Antonio Rodr\u00edguez, Phillip Rodr\u00edguez, Nuria y Sonia Piera y Fernando Rodr\u00edguez, entre otros.<\/span><\/p>\n<\/p>\n<h6> 2010-11-19 21:30:31 <\/h6>\n<p><!--\n<link rel=\"stylesheet\" href=\"css\/bootstrap.min.css\">\n\n\n<ul class=\"pagination\">\n\t    \n\t\n\n<li >\n\t<a href='?page_no=30520'>Previous<\/a>\n\t<\/li>\n\n\n       \n    \n\n<li><a href='?page_no=1'>1<\/a><\/li>\n\n\n\n<li><a href='?page_no=2'>2<\/a><\/li>\n\n\n\n<li><a>...<\/a><\/li>\n\n\n\n<li><a href='?page_no=30519'>30519<\/a><\/li>\n\n\n\n<li><a href='?page_no=30520'>30520<\/a><\/li>\n\n\n\n<li class='active'><a>30521<\/a><\/li>\n\n\n\n<li><a href='?page_no=30522'>30522<\/a><\/li>\n\n\n\n<li><a href='?page_no=30523'>30523<\/a><\/li>\n\n\n\n<li><a>...<\/a><\/li>\n\n\n\n<li><a href='?page_no=31963'>31963<\/a><\/li>\n\n\n\n<li><a href='?page_no=31964'>31964<\/a><\/li>\n\n    \n\t\n\n<li >\n\t<a href='?page_no=30522'>Next<\/a>\n\t<\/li>\n\n\n    \n\n<li><a href='?page_no=31964'>Last &rsaquo;&rsaquo;<\/a><\/li>\n\n<\/ul>\n\n\n--><br \/>\n<\/body><\/p>\n","protected":false},"excerpt":{"rendered":"<p>Santo Domingo.-Los restos del productor y televisi\u00f3n Freddy Beras Goico llegaron ya a la Funeraria Blandino, luego de un r\u00e1pido recorrido desde el Aeropuerto Internacional de las Am\u00e9ricas, por donde llegaron desde Estados Unidos. El trayecto se prolong\u00f3 menos de una hora, pues parti\u00f3 a las 4:00 y llegaron alrededor de las 4:50. Recorri\u00f3 la [&hellip;]<\/p>\n","protected":false},"author":3,"featured_media":0,"comment_status":"open","ping_status":"open","sticky":false,"template":"","format":"standard","meta":{"footnotes":""},"categories":[24],"tags":[],"class_list":["post-155353","post","type-post","status-publish","format-standard","hentry","category-justicia-y-derecho"],"_links":{"self":[{"href":"https:\/\/diariodominicano.com\/index.php?rest_route=\/wp\/v2\/posts\/155353","targetHints":{"allow":["GET"]}}],"collection":[{"href":"https:\/\/diariodominicano.com\/index.php?rest_route=\/wp\/v2\/posts"}],"about":[{"href":"https:\/\/diariodominicano.com\/index.php?rest_route=\/wp\/v2\/types\/post"}],"author":[{"embeddable":true,"href":"https:\/\/diariodominicano.com\/index.php?rest_route=\/wp\/v2\/users\/3"}],"replies":[{"embeddable":true,"href":"https:\/\/diariodominicano.com\/index.php?rest_route=%2Fwp%2Fv2%2Fcomments&post=155353"}],"version-history":[{"count":0,"href":"https:\/\/diariodominicano.com\/index.php?rest_route=\/wp\/v2\/posts\/155353\/revisions"}],"wp:attachment":[{"href":"https:\/\/diariodominicano.com\/index.php?rest_route=%2Fwp%2Fv2%2Fmedia&parent=155353"}],"wp:term":[{"taxonomy":"category","embeddable":true,"href":"https:\/\/diariodominicano.com\/index.php?rest_route=%2Fwp%2Fv2%2Fcategories&post=155353"},{"taxonomy":"post_tag","embeddable":true,"href":"https:\/\/diariodominicano.com\/index.php?rest_route=%2Fwp%2Fv2%2Ftags&post=155353"}],"curies":[{"name":"wp","href":"https:\/\/api.w.org\/{rel}","templated":true}]}}