{"id":155351,"date":"2010-11-19T22:32:26","date_gmt":"2010-11-19T22:32:26","guid":{"rendered":"http:\/\/diariodominicano.ddns.net\/?p=155351"},"modified":"2010-11-19T22:32:26","modified_gmt":"2010-11-19T22:32:26","slug":"el-domingo-dia-duelo-nacional-por-muerte-de-freddy","status":"publish","type":"post","link":"https:\/\/diariodominicano.com\/?p=155351","title":{"rendered":"El domingo D\u00eda  Duelo Nacional por  muerte de Freddy"},"content":{"rendered":"<p><body><\/p>\n<\/p>\n<p><span class=\"text1noticias\">Santo Domingo.-El presidente Leonel Fern\u00e1ndez declar\u00f3 el domingo D\u00eda de Duelo Nacional con motivo del fallecimiento del humorista, productor y conductor de Televisi\u00f3n Freddy Beras Goico.<\/span><\/p>\n<\/p>\n<p><span class=\"text1noticias\">La disposici\u00f3n est\u00e1 contenida en el decreto n\u00famero 648-10, mediante el cual el jefe del Estado ordena que durante este domingo 21 de noviembre la bandera nacional ondee a media asta en todos los recintos militares  y edificios p\u00fablicos del pa\u00eds.<\/span><\/p>\n<\/p>\n<p><span class=\"text1noticias\">En uno de sus considerandos el decreto describe a Beras Goico como un artista polifac\u00e9tico, productor de radio y televisi\u00f3n de amplia popularidad, humorista  que contribuy\u00f3 a salvar la vida de muchos ni\u00f1os pobres afectados de problemas del coraz\u00f3n y defensor de los derechos humanos.<\/span><\/p>\n<\/p>\n<p><span class=\"text1noticias\">El destacado artista dominicano falleci\u00f3 la madrugada de ayer en un centro de medico de los Estados Unidos, luego de un larga batalla contra el c\u00e1ncer.<\/span><\/p>\n<\/p>\n<h6> 2010-11-19 22:32:26 <\/h6>\n<p><!--\n<link rel=\"stylesheet\" href=\"css\/bootstrap.min.css\">\n\n\n<ul class=\"pagination\">\n\t    \n\t\n\n<li >\n\t<a href='?page_no=30518'>Previous<\/a>\n\t<\/li>\n\n\n       \n    \n\n<li><a href='?page_no=1'>1<\/a><\/li>\n\n\n\n<li><a href='?page_no=2'>2<\/a><\/li>\n\n\n\n<li><a>...<\/a><\/li>\n\n\n\n<li><a href='?page_no=30517'>30517<\/a><\/li>\n\n\n\n<li><a href='?page_no=30518'>30518<\/a><\/li>\n\n\n\n<li class='active'><a>30519<\/a><\/li>\n\n\n\n<li><a href='?page_no=30520'>30520<\/a><\/li>\n\n\n\n<li><a href='?page_no=30521'>30521<\/a><\/li>\n\n\n\n<li><a>...<\/a><\/li>\n\n\n\n<li><a href='?page_no=31963'>31963<\/a><\/li>\n\n\n\n<li><a href='?page_no=31964'>31964<\/a><\/li>\n\n    \n\t\n\n<li >\n\t<a href='?page_no=30520'>Next<\/a>\n\t<\/li>\n\n\n    \n\n<li><a href='?page_no=31964'>Last &rsaquo;&rsaquo;<\/a><\/li>\n\n<\/ul>\n\n\n--><br \/>\n<\/body><\/p>\n","protected":false},"excerpt":{"rendered":"<p>Santo Domingo.-El presidente Leonel Fern\u00e1ndez declar\u00f3 el domingo D\u00eda de Duelo Nacional con motivo del fallecimiento del humorista, productor y conductor de Televisi\u00f3n Freddy Beras Goico. La disposici\u00f3n est\u00e1 contenida en el decreto n\u00famero 648-10, mediante el cual el jefe del Estado ordena que durante este domingo 21 de noviembre la bandera nacional ondee a [&hellip;]<\/p>\n","protected":false},"author":3,"featured_media":0,"comment_status":"open","ping_status":"open","sticky":false,"template":"","format":"standard","meta":{"footnotes":""},"categories":[24],"tags":[],"class_list":["post-155351","post","type-post","status-publish","format-standard","hentry","category-justicia-y-derecho"],"_links":{"self":[{"href":"https:\/\/diariodominicano.com\/index.php?rest_route=\/wp\/v2\/posts\/155351","targetHints":{"allow":["GET"]}}],"collection":[{"href":"https:\/\/diariodominicano.com\/index.php?rest_route=\/wp\/v2\/posts"}],"about":[{"href":"https:\/\/diariodominicano.com\/index.php?rest_route=\/wp\/v2\/types\/post"}],"author":[{"embeddable":true,"href":"https:\/\/diariodominicano.com\/index.php?rest_route=\/wp\/v2\/users\/3"}],"replies":[{"embeddable":true,"href":"https:\/\/diariodominicano.com\/index.php?rest_route=%2Fwp%2Fv2%2Fcomments&post=155351"}],"version-history":[{"count":0,"href":"https:\/\/diariodominicano.com\/index.php?rest_route=\/wp\/v2\/posts\/155351\/revisions"}],"wp:attachment":[{"href":"https:\/\/diariodominicano.com\/index.php?rest_route=%2Fwp%2Fv2%2Fmedia&parent=155351"}],"wp:term":[{"taxonomy":"category","embeddable":true,"href":"https:\/\/diariodominicano.com\/index.php?rest_route=%2Fwp%2Fv2%2Fcategories&post=155351"},{"taxonomy":"post_tag","embeddable":true,"href":"https:\/\/diariodominicano.com\/index.php?rest_route=%2Fwp%2Fv2%2Ftags&post=155351"}],"curies":[{"name":"wp","href":"https:\/\/api.w.org\/{rel}","templated":true}]}}