{"id":155350,"date":"2010-11-19T22:34:16","date_gmt":"2010-11-19T22:34:16","guid":{"rendered":"http:\/\/diariodominicano.ddns.net\/?p=155350"},"modified":"2010-11-19T22:34:16","modified_gmt":"2010-11-19T22:34:16","slug":"presidente-fernandez-inaugura-elevado-avenidas-john-f-kennedy-y-doctor-fernando-defillo","status":"publish","type":"post","link":"https:\/\/diariodominicano.com\/?p=155350","title":{"rendered":"Presidente Fern\u00e1ndez inaugura elevado  avenidas John F. Kennedy y Doctor Fernando Defillo"},"content":{"rendered":"<p><body><\/p>\n<p><img decoding=\"async\" src=\"img3\/elevado.jpg\" \/>  <\/p>\n<\/p>\n<p><span class=\"text1noticias\">Santo Domingo.-El presidente Leonel Fern\u00e1ndez dej\u00f3 formalmente inaugurado este viernes el tercer elevado del Corredor Duarte, ubicado en la intercepci\u00f3n de las avenidas John F. Kennedy y Doctor Fernado Defill\u00f3.<\/span><\/p>\n<\/p>\n<p><span class=\"text1noticias\">En la mesa de honor adem\u00e1s del mandatario estuvieron presentes V\u00edctor D\u00edaz R\u00faa, ministro de Obras P\u00fablicas, y los empresarios Jos\u00e9 Luis Corripio y Julio Brache Alvarez.<\/span><\/p>\n<\/p>\n<p><span class=\"text1noticias\">Tambi\u00e9n el senador por Saman\u00e1 Prin Pujals Nolasco; el secretario del Ayuntamiento del Distrito Nacional, Domingo Contreras,; el jefe de la Polic\u00eda Nacional, Jos\u00e9 Armando Polanco G\u00f3mez, yl alcade del Ayuntamiento de Santo Domingo Este, Juan de los Santos, entre otros.<\/span><\/p>\n<\/p>\n<p><span class=\"text1noticias\">Anteriormente el Gobierno dej\u00f3 inaugurado el elevado de la intercepci\u00f3n de las avenidas 27 de Febrero con Ortega y Gasset y el de la Kennedy con Jos\u00e9 N\u00fa\u00f1ez de C\u00e1ceres.<\/span><\/p>\n<\/p>\n<p><span class=\"text1noticias\">La obra<\/span><\/p>\n<\/p>\n<p><span class=\"text1noticias\">Este elevado consta de seis carriles,  tres en cada sentido de circulaci\u00f3n, con un ancho de 3.65 metros y una longitud total de 500 metros, de los cuales el viaducto tiene 220 metros de longitud, mientras que los dos accesos en ambos extremos tienen 125 y 155 metros cada uno, inform\u00f3 la instituci\u00f3n gubernamental.<\/span><\/p>\n<\/p>\n<p><span class=\"text1noticias\">El   ancho total de la v\u00eda es de 25.50 metros, mientras que la altura m\u00ednima de la estructura es de 5.40 metros y la pendiente longitudinal m\u00e1xima es de 6.0 por ciento, explica un documento t\u00e9cnico del  ministerio.<\/span><\/p>\n<\/p>\n<p><span class=\"text1noticias\">Esta estructura vial tiene prevista una velocidad de dise\u00f1o de 80 kil\u00f3metros por hora y el volumen de tr\u00e1fico actual es de 126,000 veh\u00edculos por d\u00eda.<\/span><\/p>\n<\/p>\n<p><span class=\"text1noticias\">Esta estructura  recibir\u00e1 el tr\u00e1fico de la v\u00eda principal,  que en  hora pico tendr\u00e1 un volumen aproximado de 3 mil veh\u00edculos por hora en el sentido Este-Oeste y 3 mil 500 veh\u00edculos en el sentido Oeste-Este.<\/span><\/p>\n<\/p>\n<p><span class=\"text1noticias\">Para levantar este elevado se  utiliz\u00f3 pavimento flexible en las v\u00edas de los viaductos y paso inferior, le  fue aplicado pavimento r\u00edgido con una losa de hormig\u00f3n armado de 350 kilogramo por cent\u00edmetro cuadrado, y  un espesor total de 22.00 cent\u00edmetros.  m\u00e1s un espesor adicional de 3.0 cent\u00edmetros  de desgaste. El pavimento es flexible con carpeta de hormig\u00f3n asf\u00e1ltico para las rampas de acceso a los viaductos y en las v\u00edas locales.<\/span><\/p>\n<\/p>\n<p><span class=\"text1noticias\">El proyecto Corredor Duarte inici\u00f3 el 8 del julio del a\u00f1o 2009, y 15 meses despu\u00e9s, el Ministerio de Obras P\u00fablicas ha terminado tres de los componentes construidos para mejorar el desplazamiento en el Distrito Nacional y la provincia de Santo Domingo.<\/span><\/p>\n<\/p>\n<p><span class=\"text1noticias\">El Corredor Duarte est\u00e1 conformado por los elevados de las avenidas  Monumental con autopista Duarte,  Manoguayabo con  autopista Duarte, Jos\u00e9 N\u00fa\u00f1ez de C\u00e1ceres con John F. Kennedy, Fernando Defill\u00f3 con Kennedy frente a Teleantillas,  Ortega y Gasset con 27 de Febrero  y en la avenida Charles de Gaulle con autopista de San Isidro.<\/span><\/p>\n<h6> 2010-11-19 22:34:16 <\/h6>\n<p><!--\n<link rel=\"stylesheet\" href=\"css\/bootstrap.min.css\">\n\n\n<ul class=\"pagination\">\n\t    \n\t\n\n<li >\n\t<a href='?page_no=30517'>Previous<\/a>\n\t<\/li>\n\n\n       \n    \n\n<li><a href='?page_no=1'>1<\/a><\/li>\n\n\n\n<li><a href='?page_no=2'>2<\/a><\/li>\n\n\n\n<li><a>...<\/a><\/li>\n\n\n\n<li><a href='?page_no=30516'>30516<\/a><\/li>\n\n\n\n<li><a href='?page_no=30517'>30517<\/a><\/li>\n\n\n\n<li class='active'><a>30518<\/a><\/li>\n\n\n\n<li><a href='?page_no=30519'>30519<\/a><\/li>\n\n\n\n<li><a href='?page_no=30520'>30520<\/a><\/li>\n\n\n\n<li><a>...<\/a><\/li>\n\n\n\n<li><a href='?page_no=31963'>31963<\/a><\/li>\n\n\n\n<li><a href='?page_no=31964'>31964<\/a><\/li>\n\n    \n\t\n\n<li >\n\t<a href='?page_no=30519'>Next<\/a>\n\t<\/li>\n\n\n    \n\n<li><a href='?page_no=31964'>Last &rsaquo;&rsaquo;<\/a><\/li>\n\n<\/ul>\n\n\n--><br \/>\n<\/body><\/p>\n","protected":false},"excerpt":{"rendered":"<p>Santo Domingo.-El presidente Leonel Fern\u00e1ndez dej\u00f3 formalmente inaugurado este viernes el tercer elevado del Corredor Duarte, ubicado en la intercepci\u00f3n de las avenidas John F. Kennedy y Doctor Fernado Defill\u00f3. En la mesa de honor adem\u00e1s del mandatario estuvieron presentes V\u00edctor D\u00edaz R\u00faa, ministro de Obras P\u00fablicas, y los empresarios Jos\u00e9 Luis Corripio y Julio [&hellip;]<\/p>\n","protected":false},"author":3,"featured_media":0,"comment_status":"open","ping_status":"open","sticky":false,"template":"","format":"standard","meta":{"footnotes":""},"categories":[24],"tags":[],"class_list":["post-155350","post","type-post","status-publish","format-standard","hentry","category-justicia-y-derecho"],"_links":{"self":[{"href":"https:\/\/diariodominicano.com\/index.php?rest_route=\/wp\/v2\/posts\/155350","targetHints":{"allow":["GET"]}}],"collection":[{"href":"https:\/\/diariodominicano.com\/index.php?rest_route=\/wp\/v2\/posts"}],"about":[{"href":"https:\/\/diariodominicano.com\/index.php?rest_route=\/wp\/v2\/types\/post"}],"author":[{"embeddable":true,"href":"https:\/\/diariodominicano.com\/index.php?rest_route=\/wp\/v2\/users\/3"}],"replies":[{"embeddable":true,"href":"https:\/\/diariodominicano.com\/index.php?rest_route=%2Fwp%2Fv2%2Fcomments&post=155350"}],"version-history":[{"count":0,"href":"https:\/\/diariodominicano.com\/index.php?rest_route=\/wp\/v2\/posts\/155350\/revisions"}],"wp:attachment":[{"href":"https:\/\/diariodominicano.com\/index.php?rest_route=%2Fwp%2Fv2%2Fmedia&parent=155350"}],"wp:term":[{"taxonomy":"category","embeddable":true,"href":"https:\/\/diariodominicano.com\/index.php?rest_route=%2Fwp%2Fv2%2Fcategories&post=155350"},{"taxonomy":"post_tag","embeddable":true,"href":"https:\/\/diariodominicano.com\/index.php?rest_route=%2Fwp%2Fv2%2Ftags&post=155350"}],"curies":[{"name":"wp","href":"https:\/\/api.w.org\/{rel}","templated":true}]}}