{"id":155349,"date":"2010-11-20T13:19:17","date_gmt":"2010-11-20T13:19:17","guid":{"rendered":"http:\/\/diariodominicano.ddns.net\/?p=155349"},"modified":"2010-11-20T13:19:17","modified_gmt":"2010-11-20T13:19:17","slug":"accidentes-de-transito-es-la-2da-causa-de-muerte-en-r-d","status":"publish","type":"post","link":"https:\/\/diariodominicano.com\/?p=155349","title":{"rendered":"Accidentes de tr\u00e1nsito es la 2da. Causa de muerte en R. D."},"content":{"rendered":"<p><body><\/p>\n<p><img decoding=\"async\" src=\"http:\/\/localhost:8080\/justiciayderecho\/img3\/-ENEVIAL- 1.JPG\" \/><br \/><img decoding=\"async\" src=\"http:\/\/localhost:8080\/justiciayderecho\/img3\/-ENEVIAL- 5.JPG\" \/><br \/><img decoding=\"async\" src=\"http:\/\/localhost:8080\/justiciayderecho\/img3\/-ENEVIAL- 3.JPG\" \/>  <\/p>\n<p><span class=\"text1noticias\">Santo Domingo, 20 Nov 2010.-El experto en asuntos de transporte, On\u00e9ximo Gonz\u00e1lez, revel\u00f3 que los accidentes de tr\u00e1nsito constituyen la segunda causa de muerte en Rep\u00fablica Dominicana.<\/span><\/p>\n<\/p>\n<p><span class=\"text1noticias\">Gonz\u00e1lez pronunci\u00f3 una conferencia denominada \u00abCirug\u00eda Urbana en Santo Domingo: Propuesta de Soluci\u00f3n a un Transporte Sostenible\u00bb, donde sostuvo que  la situaci\u00f3n que est\u00e1 viviendo el pa\u00eds en materia de transito es terrible, porque hay un descontrol absoluto del volante que deja como resultado la muerte de miles de personas cada a\u00f1o.<\/span><\/p>\n<\/p>\n<p><span class=\"text1noticias\">\u00abEs lamentable que 3 mil 275 dominicanos dejen la vida en nuestras avenidas y calles anualmente, donde los organismos oficiales reportan las muertes instant\u00e1neas que son un 56%, dejando un promedio de nueve dominicanos que a diario mueren debido a los accidentes de tr\u00e1nsito, que como resultado pasa a ser la 2da causa de fallecimiento en la Rep\u00fablica Dominicana, y lo peor es que en el 72% de esos accidentes se ven involucrados j\u00f3venes que rondan entre los 24 y 27 a\u00f1os\u00bb, indic\u00f3 Gonz\u00e1lez.<\/span><\/p>\n<\/p>\n<p><span class=\"text1noticias\">La exposici\u00f3n fue basada en una investigaci\u00f3n sobre la situaci\u00f3n del transporte p\u00fablico en Santo Domingo y el an\u00e1lisis de indicadores de marginalidad, accesibilidad, congesti\u00f3n y carga de contaminaci\u00f3n ambiental, que hab\u00eda presentado Gonz\u00e1lez en la sede de la Organizaci\u00f3n de las Naciones Unidas (ONU), en la ciudad de Nueva York, en un evento organizado por la Fundaci\u00f3n Global Democracia y Desarrollo (FUNGLODE).<\/span><\/p>\n<\/p>\n<p><span class=\"text1noticias\">La conferencia form\u00f3 parte de los actos de clausura de la Semana Nacional de la Seguridad Vial, que con el lema \u00abM\u00e1s Conciencia del Peligro, Menos V\u00edctimas\u00bb, organiz\u00f3 El Fondo de Desarrollo del Transporte Terrestre -FONDET- que dirige Crist\u00f3bal Cardoza, y la Escuela Nacional de Educaci\u00f3n Vial ?ENEVIAL-, que tiene como encargado a Carlos Pe\u00f1a.<\/span><\/p>\n<\/p>\n<p><span class=\"text1noticias\">Durante toda una semana de celebraci\u00f3n, un equipo de facilitadores y voceros de la ?ENEVIAL- visitaron centros educativos y medios de comunicaci\u00f3n, con materiales instructivos y publicitarios orientados a reducir las estad\u00edsticas actuales de las v\u00edctimas de tr\u00e1nsito, las cuales reflejan un saldo de tres mil muertes diarias y 1.2 millones al a\u00f1o, adem\u00e1s de 50 millones de lesionados a nivel mundial.<\/span><\/p>\n<\/p>\n<p><span class=\"text1noticias\">Con esta campa\u00f1a y otros programas de educaci\u00f3n vial, la ?ENEVIAL- como instituci\u00f3n educativa, pretende llegar a la conciencia de los ciudadanos dominicanos, a trav\u00e9s de la creaci\u00f3n de la Unidad Nacional de Seguridad Vial, con la integraci\u00f3n de  los sectores Salud, Educaci\u00f3n, Justicia y Sociedad Civil.<\/span><\/p>\n<\/p>\n<p><span class=\"text1noticias\">En el marco de la celebraci\u00f3n donde se dieron cita importantes personalidades del sector transporte en Santo Domingo y los directivos de ?FONDET- y la ?ENEVIAL-, se entregaron certificados de participaci\u00f3n a los estudiantes de la Cuarta Promoci\u00f3n de Profesionalizaci\u00f3n de Conductores de dicha escuela.<\/span><\/p>\n<\/p>\n<p><span class=\"text1noticias\">El cierre de la actividad cont\u00f3 con la participaci\u00f3n estelar del grupo m\u00fasico-vocal Test. A. T., que compuso el tema a capela \u00abHacer M\u00e1s Conciencia\u00bb, agotado durante toda la semana en los centros educativos y medios de comunicaci\u00f3n visitados.<\/span><\/p>\n<\/p>\n<h6> 2010-11-20 13:19:17 <\/h6>\n<p><!--\n<link rel=\"stylesheet\" href=\"css\/bootstrap.min.css\">\n\n\n<ul class=\"pagination\">\n\t    \n\t\n\n<li >\n\t<a href='?page_no=30516'>Previous<\/a>\n\t<\/li>\n\n\n       \n    \n\n<li><a href='?page_no=1'>1<\/a><\/li>\n\n\n\n<li><a href='?page_no=2'>2<\/a><\/li>\n\n\n\n<li><a>...<\/a><\/li>\n\n\n\n<li><a href='?page_no=30515'>30515<\/a><\/li>\n\n\n\n<li><a href='?page_no=30516'>30516<\/a><\/li>\n\n\n\n<li class='active'><a>30517<\/a><\/li>\n\n\n\n<li><a href='?page_no=30518'>30518<\/a><\/li>\n\n\n\n<li><a href='?page_no=30519'>30519<\/a><\/li>\n\n\n\n<li><a>...<\/a><\/li>\n\n\n\n<li><a href='?page_no=31963'>31963<\/a><\/li>\n\n\n\n<li><a href='?page_no=31964'>31964<\/a><\/li>\n\n    \n\t\n\n<li >\n\t<a href='?page_no=30518'>Next<\/a>\n\t<\/li>\n\n\n    \n\n<li><a href='?page_no=31964'>Last &rsaquo;&rsaquo;<\/a><\/li>\n\n<\/ul>\n\n\n--><br \/>\n<\/body><\/p>\n","protected":false},"excerpt":{"rendered":"<p>Santo Domingo, 20 Nov 2010.-El experto en asuntos de transporte, On\u00e9ximo Gonz\u00e1lez, revel\u00f3 que los accidentes de tr\u00e1nsito constituyen la segunda causa de muerte en Rep\u00fablica Dominicana. Gonz\u00e1lez pronunci\u00f3 una conferencia denominada \u00abCirug\u00eda Urbana en Santo Domingo: Propuesta de Soluci\u00f3n a un Transporte Sostenible\u00bb, donde sostuvo que la situaci\u00f3n que est\u00e1 viviendo el pa\u00eds en [&hellip;]<\/p>\n","protected":false},"author":3,"featured_media":0,"comment_status":"open","ping_status":"open","sticky":false,"template":"","format":"standard","meta":{"footnotes":""},"categories":[24],"tags":[],"class_list":["post-155349","post","type-post","status-publish","format-standard","hentry","category-justicia-y-derecho"],"_links":{"self":[{"href":"https:\/\/diariodominicano.com\/index.php?rest_route=\/wp\/v2\/posts\/155349","targetHints":{"allow":["GET"]}}],"collection":[{"href":"https:\/\/diariodominicano.com\/index.php?rest_route=\/wp\/v2\/posts"}],"about":[{"href":"https:\/\/diariodominicano.com\/index.php?rest_route=\/wp\/v2\/types\/post"}],"author":[{"embeddable":true,"href":"https:\/\/diariodominicano.com\/index.php?rest_route=\/wp\/v2\/users\/3"}],"replies":[{"embeddable":true,"href":"https:\/\/diariodominicano.com\/index.php?rest_route=%2Fwp%2Fv2%2Fcomments&post=155349"}],"version-history":[{"count":0,"href":"https:\/\/diariodominicano.com\/index.php?rest_route=\/wp\/v2\/posts\/155349\/revisions"}],"wp:attachment":[{"href":"https:\/\/diariodominicano.com\/index.php?rest_route=%2Fwp%2Fv2%2Fmedia&parent=155349"}],"wp:term":[{"taxonomy":"category","embeddable":true,"href":"https:\/\/diariodominicano.com\/index.php?rest_route=%2Fwp%2Fv2%2Fcategories&post=155349"},{"taxonomy":"post_tag","embeddable":true,"href":"https:\/\/diariodominicano.com\/index.php?rest_route=%2Fwp%2Fv2%2Ftags&post=155349"}],"curies":[{"name":"wp","href":"https:\/\/api.w.org\/{rel}","templated":true}]}}