{"id":155348,"date":"2010-11-20T13:45:51","date_gmt":"2010-11-20T13:45:51","guid":{"rendered":"http:\/\/diariodominicano.ddns.net\/?p=155348"},"modified":"2010-11-20T13:45:51","modified_gmt":"2010-11-20T13:45:51","slug":"toman-medidas-en-pedernales-y-jimani-para-controlar-el-paso-de-haitianos-al-pais","status":"publish","type":"post","link":"https:\/\/diariodominicano.com\/?p=155348","title":{"rendered":"Toman medidas en Pedernales y Jiman\u00ed para controlar el paso de haitianos al pa\u00eds"},"content":{"rendered":"<p><body><\/p>\n<p><img decoding=\"async\" src=\"http:\/\/localhost:8080\/justiciayderecho\/img3\/Napole%C3%83%C2%B3n.JPG\" \/>  <\/p>\n<p><span class=\"text1noticias\">Por: Teuddy S\u00e1nchez<\/span><\/p>\n<\/p>\n<p><span class=\"text1noticias\">Barahona, 20 Nov 2010.- Fuertes medidas de seguridad, fueron adoptadas este s\u00e1bado en la zona fronteriza de Jiman\u00ed y Pedernales para evitar la penetraci\u00f3n de indocumentados haitianos que podr\u00edan estar afectados de C\u00f3lera.<\/span><\/p>\n<p><span class=\"text1noticias\"> <\/span><\/p>\n<p><span class=\"text1noticias\">Las medidas fueron ejecutadas, tras la celebraci\u00f3n este viernes de un encuentro entre diversas entidades del Suroeste, encabezado por el general Napole\u00f3n Terrero Figueroa, jefe de la Quinta Brigada de Infanter\u00eda del Ej\u00e9rcito con sede aqu\u00ed.<\/span><\/p>\n<p><span class=\"text1noticias\"> <\/span><\/p>\n<p><span class=\"text1noticias\">En el encuentro asistieron todos los representantes del Ministerio P\u00fablico de la regi\u00f3n Enriquillo y los secretarios generales de todos los sindicatos de transporte de Pedernales, Independencia, Bahoruco  y Barahona.<\/span><\/p>\n<p><span class=\"text1noticias\"> <\/span><\/p>\n<p><span class=\"text1noticias\">Tambi\u00e9n miembros del Ministerio de Migraci\u00f3n y otras organizaciones donde trataron sobre las medidas para no transportar haitianos, como forma preventiva del C\u00f3lera.<\/span><\/p>\n<p><span class=\"text1noticias\"> <\/span><\/p>\n<p><span class=\"text1noticias\">El general Terrero Figueroa dijo que todos los participantes, principalmente los transportistas se comprometieron a respetar las medidas adoptadas por  Ministerios de las Fuerzas Armadas y Salud, ante la amenaza de epidemia que ha matado a m\u00e1s de mil personas en Hait\u00ed.<\/span><\/p>\n<p><span class=\"text1noticias\"> <\/span><\/p>\n<p><span class=\"text1noticias\">Indic\u00f3 que ellos se comprometieron a cooperar con las entidades militares y civiles para el cumplimiento de la ley 137-2003, sobre tr\u00e1fico de ilegales.<\/span><\/p>\n<p><span class=\"text1noticias\"> <\/span><\/p>\n<p><span class=\"text1noticias\">El encuentro fue efectuado en la sede de la entidad militar en esta ciudad.<\/span><\/p>\n<p><span class=\"text1noticias\"> <\/span><\/p>\n<h6> 2010-11-20 13:45:51 <\/h6>\n<p><!--\n<link rel=\"stylesheet\" href=\"css\/bootstrap.min.css\">\n\n\n<ul class=\"pagination\">\n\t    \n\t\n\n<li >\n\t<a href='?page_no=30515'>Previous<\/a>\n\t<\/li>\n\n\n       \n    \n\n<li><a href='?page_no=1'>1<\/a><\/li>\n\n\n\n<li><a href='?page_no=2'>2<\/a><\/li>\n\n\n\n<li><a>...<\/a><\/li>\n\n\n\n<li><a href='?page_no=30514'>30514<\/a><\/li>\n\n\n\n<li><a href='?page_no=30515'>30515<\/a><\/li>\n\n\n\n<li class='active'><a>30516<\/a><\/li>\n\n\n\n<li><a href='?page_no=30517'>30517<\/a><\/li>\n\n\n\n<li><a href='?page_no=30518'>30518<\/a><\/li>\n\n\n\n<li><a>...<\/a><\/li>\n\n\n\n<li><a href='?page_no=31963'>31963<\/a><\/li>\n\n\n\n<li><a href='?page_no=31964'>31964<\/a><\/li>\n\n    \n\t\n\n<li >\n\t<a href='?page_no=30517'>Next<\/a>\n\t<\/li>\n\n\n    \n\n<li><a href='?page_no=31964'>Last &rsaquo;&rsaquo;<\/a><\/li>\n\n<\/ul>\n\n\n--><br \/>\n<\/body><\/p>\n","protected":false},"excerpt":{"rendered":"<p>Por: Teuddy S\u00e1nchez Barahona, 20 Nov 2010.- Fuertes medidas de seguridad, fueron adoptadas este s\u00e1bado en la zona fronteriza de Jiman\u00ed y Pedernales para evitar la penetraci\u00f3n de indocumentados haitianos que podr\u00edan estar afectados de C\u00f3lera. Las medidas fueron ejecutadas, tras la celebraci\u00f3n este viernes de un encuentro entre diversas entidades del Suroeste, encabezado por [&hellip;]<\/p>\n","protected":false},"author":3,"featured_media":0,"comment_status":"open","ping_status":"open","sticky":false,"template":"","format":"standard","meta":{"footnotes":""},"categories":[24],"tags":[],"class_list":["post-155348","post","type-post","status-publish","format-standard","hentry","category-justicia-y-derecho"],"_links":{"self":[{"href":"https:\/\/diariodominicano.com\/index.php?rest_route=\/wp\/v2\/posts\/155348","targetHints":{"allow":["GET"]}}],"collection":[{"href":"https:\/\/diariodominicano.com\/index.php?rest_route=\/wp\/v2\/posts"}],"about":[{"href":"https:\/\/diariodominicano.com\/index.php?rest_route=\/wp\/v2\/types\/post"}],"author":[{"embeddable":true,"href":"https:\/\/diariodominicano.com\/index.php?rest_route=\/wp\/v2\/users\/3"}],"replies":[{"embeddable":true,"href":"https:\/\/diariodominicano.com\/index.php?rest_route=%2Fwp%2Fv2%2Fcomments&post=155348"}],"version-history":[{"count":0,"href":"https:\/\/diariodominicano.com\/index.php?rest_route=\/wp\/v2\/posts\/155348\/revisions"}],"wp:attachment":[{"href":"https:\/\/diariodominicano.com\/index.php?rest_route=%2Fwp%2Fv2%2Fmedia&parent=155348"}],"wp:term":[{"taxonomy":"category","embeddable":true,"href":"https:\/\/diariodominicano.com\/index.php?rest_route=%2Fwp%2Fv2%2Fcategories&post=155348"},{"taxonomy":"post_tag","embeddable":true,"href":"https:\/\/diariodominicano.com\/index.php?rest_route=%2Fwp%2Fv2%2Ftags&post=155348"}],"curies":[{"name":"wp","href":"https:\/\/api.w.org\/{rel}","templated":true}]}}