{"id":155346,"date":"2010-11-21T15:08:43","date_gmt":"2010-11-21T15:08:43","guid":{"rendered":"http:\/\/diariodominicano.ddns.net\/?p=155346"},"modified":"2010-11-21T15:08:43","modified_gmt":"2010-11-21T15:08:43","slug":"proponen-natalicio-de-maximo-gomez-como-dia-del-internacionalismo","status":"publish","type":"post","link":"https:\/\/diariodominicano.com\/?p=155346","title":{"rendered":"Proponen natalicio de M\u00e1ximo G\u00f3mez como D\u00eda del Internacionalismo"},"content":{"rendered":"<p><body><\/p>\n<\/p>\n<p><span class=\"text1noticias\">Santo Domingo, 18 nov (PL) El viceministro dominicano de Educaci\u00f3n, Luis de Le\u00f3n, llam\u00f3 al pueblo de Ban\u00ed que por medio de sus legisladores propongan el 18 de noviembre, natalicio de M\u00e1ximo G\u00f3mez, como D\u00eda del Internacionalismo.<\/span><\/p>\n<\/p>\n<p><span class=\"text1noticias\">En Ban\u00ed, pueblo natal del General\u00edsimo M\u00e1ximo G\u00f3mez, se record\u00f3 la fecha con un desfile de todas las escuelas y la banda del municipio, en presencia de la gobernadora de la provincia, Nelly Melo de Guerrero, el s\u00edndico municipal Nelson Camilo Landestoy y el embajador cubano Juan Astiasar\u00e1n Ceballo.<\/span><\/p>\n<\/p>\n<p><span class=\"text1noticias\">Los oradores resaltaron los valores militares y humanos de M\u00e1ximo G\u00f3mez, uno de ellos, Luis Manuel Peguero, habl\u00f3 en  nombre de la Campa\u00f1a dominicana de solidaridad con Cuba.<\/span><\/p>\n<\/p>\n<p><span class=\"text1noticias\">Ni\u00f1os de varias escuelas declamaron poes\u00edas sobre el h\u00e9roe dominicano-cubano. Trayendo sus valores a la \u00e9poca actual, varios oradores dijeron que G\u00f3mez hoy estar\u00eda entre los que condenan el bloqueo de Estados Unidos contra Cuba y demandan la liberaci\u00f3n de los cinco antiterroristas cubanos presos en c\u00e1rceles norteamericanas.<\/span><\/p>\n<\/p>\n<p><span class=\"text1noticias\">El embajador cubano destac\u00f3 que es imposible escribir la historia de Cuba sin hablar de M\u00e1ximo G\u00f3mez quien, luego de luchar durante 10 a\u00f1os en la primera Guerra de Independencia, no vacil\u00f3 en aceptar la propuesta de Jos\u00e9 Mart\u00ed para dirigir el ej\u00e9rcito mamb\u00ed en el segundo intento por alcanzar la separaci\u00f3n de Espa\u00f1a.<\/span><\/p>\n<\/p>\n<p><span class=\"text1noticias\">Reconocido por su tropa y sus enemigos, M\u00e1ximo G\u00f3mez sufri\u00f3 la decepci\u00f3n de ver la patria nueva ocupada por los Estados Unidos en 1898 y muri\u00f3 poco mdespu\u00e9s, en medio de las expresiones de dolor popular como nunca hab\u00edan sido vistas en Cuba, concluy\u00f3 Astiasar\u00e1n.<\/span><\/p>\n<\/p>\n<p><span class=\"text1noticias\">La capital tambi\u00e9n fue escenario de otros actos recordatorios del natalicio del General\u00edsimo.<\/span><\/p>\n<h6> 2010-11-21 15:08:43 <\/h6>\n<p><!--\n<link rel=\"stylesheet\" href=\"css\/bootstrap.min.css\">\n\n\n<ul class=\"pagination\">\n\t    \n\t\n\n<li >\n\t<a href='?page_no=30513'>Previous<\/a>\n\t<\/li>\n\n\n       \n    \n\n<li><a href='?page_no=1'>1<\/a><\/li>\n\n\n\n<li><a href='?page_no=2'>2<\/a><\/li>\n\n\n\n<li><a>...<\/a><\/li>\n\n\n\n<li><a href='?page_no=30512'>30512<\/a><\/li>\n\n\n\n<li><a href='?page_no=30513'>30513<\/a><\/li>\n\n\n\n<li class='active'><a>30514<\/a><\/li>\n\n\n\n<li><a href='?page_no=30515'>30515<\/a><\/li>\n\n\n\n<li><a href='?page_no=30516'>30516<\/a><\/li>\n\n\n\n<li><a>...<\/a><\/li>\n\n\n\n<li><a href='?page_no=31963'>31963<\/a><\/li>\n\n\n\n<li><a href='?page_no=31964'>31964<\/a><\/li>\n\n    \n\t\n\n<li >\n\t<a href='?page_no=30515'>Next<\/a>\n\t<\/li>\n\n\n    \n\n<li><a href='?page_no=31964'>Last &rsaquo;&rsaquo;<\/a><\/li>\n\n<\/ul>\n\n\n--><br \/>\n<\/body><\/p>\n","protected":false},"excerpt":{"rendered":"<p>Santo Domingo, 18 nov (PL) El viceministro dominicano de Educaci\u00f3n, Luis de Le\u00f3n, llam\u00f3 al pueblo de Ban\u00ed que por medio de sus legisladores propongan el 18 de noviembre, natalicio de M\u00e1ximo G\u00f3mez, como D\u00eda del Internacionalismo. En Ban\u00ed, pueblo natal del General\u00edsimo M\u00e1ximo G\u00f3mez, se record\u00f3 la fecha con un desfile de todas las [&hellip;]<\/p>\n","protected":false},"author":3,"featured_media":0,"comment_status":"open","ping_status":"open","sticky":false,"template":"","format":"standard","meta":{"footnotes":""},"categories":[24],"tags":[],"class_list":["post-155346","post","type-post","status-publish","format-standard","hentry","category-justicia-y-derecho"],"_links":{"self":[{"href":"https:\/\/diariodominicano.com\/index.php?rest_route=\/wp\/v2\/posts\/155346","targetHints":{"allow":["GET"]}}],"collection":[{"href":"https:\/\/diariodominicano.com\/index.php?rest_route=\/wp\/v2\/posts"}],"about":[{"href":"https:\/\/diariodominicano.com\/index.php?rest_route=\/wp\/v2\/types\/post"}],"author":[{"embeddable":true,"href":"https:\/\/diariodominicano.com\/index.php?rest_route=\/wp\/v2\/users\/3"}],"replies":[{"embeddable":true,"href":"https:\/\/diariodominicano.com\/index.php?rest_route=%2Fwp%2Fv2%2Fcomments&post=155346"}],"version-history":[{"count":0,"href":"https:\/\/diariodominicano.com\/index.php?rest_route=\/wp\/v2\/posts\/155346\/revisions"}],"wp:attachment":[{"href":"https:\/\/diariodominicano.com\/index.php?rest_route=%2Fwp%2Fv2%2Fmedia&parent=155346"}],"wp:term":[{"taxonomy":"category","embeddable":true,"href":"https:\/\/diariodominicano.com\/index.php?rest_route=%2Fwp%2Fv2%2Fcategories&post=155346"},{"taxonomy":"post_tag","embeddable":true,"href":"https:\/\/diariodominicano.com\/index.php?rest_route=%2Fwp%2Fv2%2Ftags&post=155346"}],"curies":[{"name":"wp","href":"https:\/\/api.w.org\/{rel}","templated":true}]}}