{"id":155345,"date":"2010-11-21T16:07:16","date_gmt":"2010-11-21T16:07:16","guid":{"rendered":"http:\/\/diariodominicano.ddns.net\/?p=155345"},"modified":"2010-11-21T16:07:16","modified_gmt":"2010-11-21T16:07:16","slug":"presidente-fernandez-resalta-cualidades-de-freddy-beras-goico","status":"publish","type":"post","link":"https:\/\/diariodominicano.com\/?p=155345","title":{"rendered":"&#13;&#13;Presidente Fern\u00e1ndez resalta cualidades de Freddy Beras Goico"},"content":{"rendered":"<p><body><\/p>\n<p><img decoding=\"async\" src=\"http:\/\/localhost:8080\/justiciayderecho\/img3\/pdte leonel sepelio freddy.JPG\" \/><br \/><img decoding=\"async\" src=\"http:\/\/localhost:8080\/justiciayderecho\/img3\/pdte leonel sepelio freddy 2.JPG\" \/>  <\/p>\n<\/p>\n<p><span class=\"text1noticias\">Santo Domingo.- El presidente Leonel Fern\u00e1ndez dijo que el fenecido humorista Freddy Beras Goico es una figura excepcional que vivir\u00e1 por siempre en el coraz\u00f3n de todos los dominicanos.<\/span><\/p>\n<\/p>\n<p><span class=\"text1noticias\">Las declaraciones del mandatario se produjeron al asistir al velatorio de Beras Goico en la explanada del Palacio de Bellas Artes, donde miles de personas desfilaron para darle el \u00faltimo adi\u00f3s a la emblem\u00e1tica figura y expresar su solidaridad a sus familiares. <\/span><\/p>\n<\/p>\n<p><span class=\"text1noticias\">El presidente Fern\u00e1ndez lleg\u00f3 al velatorio de Beras Goico a las 12:25 del medio d\u00eda acompa\u00f1ado de la primera dama de la Rep\u00fablica, doctora Margarita Cede\u00f1o de Fern\u00e1ndez, y juntos manifestaron sus condolencias a los familiares de Freddy.<\/span><\/p>\n<\/p>\n<p><span class=\"text1noticias\">Minutos despu\u00e9s el mandatario hizo una parada de honor al lado del f\u00e9retro de la destacada figura de la historia contempor\u00e1nea dominicana, como lo calific\u00f3 Fern\u00e1ndez.<\/span><\/p>\n<\/p>\n<p><span class=\"text1noticias\">\u00abEl pueblo dominicano desfila por ante los restos mortales de una gloria nacional del arte y la cultura, ante una leyenda, ante un icono\u00bb, expres\u00f3 el jefe de estado ante los familiares y el pueblo solidario con Beras Goico.<\/span><\/p>\n<\/p>\n<p><span class=\"text1noticias\">Dijo que el talento creativo e imaginativo de Beras Goico contribuy\u00f3 al fortalecimiento de la identidad nacional y cultural de la Rep\u00fablica Dominicana. Freddy, mediante su talento, pudo promover la alegr\u00eda y felicidad de los dominicanos, penetrando profundamente en la sensibilidad y el alma del pueblo, recreando lo que es la esencia nacional.<\/span><\/p>\n<\/p>\n<p><span class=\"text1noticias\">?Programas como el Gordo de la Semana, Freddy y Punto, la Hora del Moro, jam\u00e1s ser\u00e1n olvidados porque expresaban y simbolizaban lo que es la esencia de nuestra cultura como pueblo dominicano?. <\/span><\/p>\n<\/p>\n<p><span class=\"text1noticias\">El presidente Fern\u00e1ndez, en sus breves palabras sobre la vida de Freddy Beras Goico, destaco su alta sensibilidad social, que la demostr\u00f3 durante los a\u00f1os de la tiran\u00eda trujillista, que le cost\u00f3 el exilio, y durante la guerra de abril de 1965, cuando combati\u00f3 en las calles por el retorno de la constitucionalidad, la libertad y la justicia social de nuestro pueblo.<\/span><\/p>\n<\/p>\n<p><span class=\"text1noticias\">\u00abSe trata de una figura excepcional la que hoy despedimos, se trata de un ser que dio lo mejor de si para una mejor Rep\u00fablica Dominicana\u00bb, dijo el Presidente.<\/span><\/p>\n<\/p>\n<p><span class=\"text1noticias\">Adelant\u00f3 que el recuerdo de Freddy Beras Goico se convertir\u00e1 en un ejemplo para todos los dominicanos para vivir con respeto, dignidad y orgullo de nuestra condici\u00f3n de dominicanos.<\/span><\/p>\n<\/p>\n<p><span class=\"text1noticias\">El presidente Fern\u00e1ndez termin\u00f3 sus palabras de reconocimiento al fenecido humorista  pidiendo paz a sus restos.<\/span><\/p>\n<\/p>\n<p><span class=\"text1noticias\">Antes de la llegada del Presidente Fern\u00e1ndez estuvieron presentes y rindieron guardia de honor ante los restos de Don Freddy el vicepresidente Rafael Alburquerque, el presidente del Senado, Reinaldo Pared P\u00e9rez, el ministro de la Presidencia, C\u00e9sar Pina Toribio, y el director de la Oficina para el Ordenamiento del Transporte (OPRET), Diandino Pe\u00f1a, entre otros. <\/span><\/p>\n<\/p>\n<p><span class=\"text1noticias\">Beras Goico  es velado en la explanada del Palacio de Bellas Artes y ser\u00e1 enterrado este domingo en el cementerio Puerta del Cielo en el kil\u00f3metro 22 de la autopista Duarte.<\/span><\/p>\n<\/p>\n<p><span class=\"text1noticias\">Se recuerda que el Poder Ejecutivo declar\u00f3 el domingo ?d\u00eda de duelo nacional? con motivo del fallecimiento del humorista y comunicador. <\/span><\/p>\n<\/p>\n<h6> 2010-11-21 16:07:16 <\/h6>\n<p><!--\n<link rel=\"stylesheet\" href=\"css\/bootstrap.min.css\">\n\n\n<ul class=\"pagination\">\n\t    \n\t\n\n<li >\n\t<a href='?page_no=30512'>Previous<\/a>\n\t<\/li>\n\n\n       \n    \n\n<li><a href='?page_no=1'>1<\/a><\/li>\n\n\n\n<li><a href='?page_no=2'>2<\/a><\/li>\n\n\n\n<li><a>...<\/a><\/li>\n\n\n\n<li><a href='?page_no=30511'>30511<\/a><\/li>\n\n\n\n<li><a href='?page_no=30512'>30512<\/a><\/li>\n\n\n\n<li class='active'><a>30513<\/a><\/li>\n\n\n\n<li><a href='?page_no=30514'>30514<\/a><\/li>\n\n\n\n<li><a href='?page_no=30515'>30515<\/a><\/li>\n\n\n\n<li><a>...<\/a><\/li>\n\n\n\n<li><a href='?page_no=31963'>31963<\/a><\/li>\n\n\n\n<li><a href='?page_no=31964'>31964<\/a><\/li>\n\n    \n\t\n\n<li >\n\t<a href='?page_no=30514'>Next<\/a>\n\t<\/li>\n\n\n    \n\n<li><a href='?page_no=31964'>Last &rsaquo;&rsaquo;<\/a><\/li>\n\n<\/ul>\n\n\n--><br \/>\n<\/body><\/p>\n","protected":false},"excerpt":{"rendered":"<p>Santo Domingo.- El presidente Leonel Fern\u00e1ndez dijo que el fenecido humorista Freddy Beras Goico es una figura excepcional que vivir\u00e1 por siempre en el coraz\u00f3n de todos los dominicanos. Las declaraciones del mandatario se produjeron al asistir al velatorio de Beras Goico en la explanada del Palacio de Bellas Artes, donde miles de personas desfilaron [&hellip;]<\/p>\n","protected":false},"author":3,"featured_media":0,"comment_status":"open","ping_status":"open","sticky":false,"template":"","format":"standard","meta":{"footnotes":""},"categories":[24],"tags":[],"class_list":["post-155345","post","type-post","status-publish","format-standard","hentry","category-justicia-y-derecho"],"_links":{"self":[{"href":"https:\/\/diariodominicano.com\/index.php?rest_route=\/wp\/v2\/posts\/155345","targetHints":{"allow":["GET"]}}],"collection":[{"href":"https:\/\/diariodominicano.com\/index.php?rest_route=\/wp\/v2\/posts"}],"about":[{"href":"https:\/\/diariodominicano.com\/index.php?rest_route=\/wp\/v2\/types\/post"}],"author":[{"embeddable":true,"href":"https:\/\/diariodominicano.com\/index.php?rest_route=\/wp\/v2\/users\/3"}],"replies":[{"embeddable":true,"href":"https:\/\/diariodominicano.com\/index.php?rest_route=%2Fwp%2Fv2%2Fcomments&post=155345"}],"version-history":[{"count":0,"href":"https:\/\/diariodominicano.com\/index.php?rest_route=\/wp\/v2\/posts\/155345\/revisions"}],"wp:attachment":[{"href":"https:\/\/diariodominicano.com\/index.php?rest_route=%2Fwp%2Fv2%2Fmedia&parent=155345"}],"wp:term":[{"taxonomy":"category","embeddable":true,"href":"https:\/\/diariodominicano.com\/index.php?rest_route=%2Fwp%2Fv2%2Fcategories&post=155345"},{"taxonomy":"post_tag","embeddable":true,"href":"https:\/\/diariodominicano.com\/index.php?rest_route=%2Fwp%2Fv2%2Ftags&post=155345"}],"curies":[{"name":"wp","href":"https:\/\/api.w.org\/{rel}","templated":true}]}}