{"id":155344,"date":"2010-11-21T16:15:29","date_gmt":"2010-11-21T16:15:29","guid":{"rendered":"http:\/\/diariodominicano.ddns.net\/?p=155344"},"modified":"2010-11-21T16:15:29","modified_gmt":"2010-11-21T16:15:29","slug":"dncd-apresa-en-santiago-y-desmantela-estructura-de-narcotraficantes-que-preparaban-maletas-de-doble-fondo-para-enviarlas-con-drogas-al-exterior","status":"publish","type":"post","link":"https:\/\/diariodominicano.com\/?p=155344","title":{"rendered":"DNCD apresa en Santiago y desmantela estructura de narcotraficantes que preparaban maletas de doble fondo para enviarlas con drogas al exterior"},"content":{"rendered":"<p><body><\/p>\n<p><img decoding=\"async\" src=\"http:\/\/localhost:8080\/justiciayderecho\/img3\/Cocaina encontrada en maleta.JPG\" \/>  <\/p>\n<\/p>\n<p><span class=\"text1noticias\">SANTIAGO.- La Direcci\u00f3n Nacional de Control de Drogas (DNCD) apres\u00f3 en esta ciudad a siete hombres y desmantel\u00f3 la estructura de una banda de narcotraficantes que se dedicaban a preparar maletas con doble fondo para enviarlas con drogas al exterior, a quienes incaut\u00f3 un poco m\u00e1s de dos kilos de una sustancia blanca que se presume es coca\u00edna, encontrados precisamente en el interior de una maleta de doble fondo y un porta trajes, ocupados en la parte trasera de una jeepeta en la que fueron apresados dos de ellos.<\/span><\/p>\n<\/p>\n<p><span class=\"text1noticias\">     El coronel Ram\u00f3n Alcides Rodr\u00edguez Veras, vocero de la DNCD, inform\u00f3 que los apresados son Edikson Noboa Mojica, \u00c1ngel David Corcino G\u00f3mez, Carlos Alberto Brito, Carlos Manuel Hern\u00e1ndez, Cristian Javier Garc\u00eda de los Santos, Sa\u00fal Miguel Almonte Cabrera, e Isa\u00edas Antonio Valerio, este \u00faltimo, se\u00f1alado como el jefe de dicha organizaci\u00f3n criminal, todos ellos, detenidos mediante un operativo efectuado en la calle 27 de Febrero esquina Manuel de Gal\u00edndez, en el sector Los Cerros de Gurabo, en Santiago, acci\u00f3n realizada por miembros de la Divisi\u00f3n T\u00e1ctica de Investigaciones Sensitivas (DITIS), unidad elite de la DNCD.<\/span><\/p>\n<\/p>\n<p><span class=\"text1noticias\">     Rodr\u00edguez Veras dijo que al momento del arresto los mismos se transportaban a bordo de dos jeepetas, una camioneta y un carro; una de las jeepetas es marca Kia, modelo Sorento, de color azul, placa G191757, la cual era conducida por el nombrado Sa\u00fal Miguel Almonte Cabrera; la otra jeepeta es marca Mitsubishi Montero, color negro con gris, placa G014803, que iba conducida por Carlos Manuel Hern\u00e1ndez; la camioneta es una Toyota Tundra, color blanco, placa Z505735, la cual era conducida por el nombrado Isa\u00edas Antonio Valerio, jefe de la banda, mientras que el carro es un Honda Accord, color verde.<\/span><\/p>\n<\/p>\n<p><span class=\"text1noticias\">     Se\u00f1al\u00f3 que cuando los agentes de la DNCD requisaron los referidos veh\u00edculos, ocuparon dos kilos y 200 gramos, aproximadamente, de un polvo que se presume es coca\u00edna, hallados en el interior de una maleta de doble fondo, de color negro, marca Sansonite, y dentro de un porta trajes de color negro, que estaban en la parte trasera de la jeepeta que era conducida por el nombrado Sa\u00fal Miguel Almonte Cabrera, quien iba acompa\u00f1ado por Edikson Noboa Mojica.<\/span><\/p>\n<\/p>\n<p><span class=\"text1noticias\">     ?Tanto la maleta como el porta trajes que conten\u00edan la droga, estaban ya listos para ser enviados a la ciudad de Nueva York a trav\u00e9s de una ?mula?, en el vuelo No. 834 de la aerol\u00ednea Jet Blue, que partir\u00eda desde el Aeropuerto Internacional Cibao a las 5:14 de la madrugada de este s\u00e1bado?, indic\u00f3 Rodr\u00edguez Veras.<\/span><\/p>\n<\/p>\n<p><span class=\"text1noticias\">     El vocero de la DNCD agreg\u00f3 que oficiales de ese organismo antidrogas dieron seguimiento durante varios meses a distintos casos de ?mulas? atrapadas tratando de salir del pa\u00eds con maletas de doble fondo repletas de drogas, y esas investigaciones dieron como resultado la captura de estos individuos que conformaban una banda de narcotraficantes dedicaba a la preparaci\u00f3n de dichas maletas con doble fondo para ser enviadas llenas de drogas a distintos lugares fuera del pa\u00eds, principalmente, a Estados Unidos y algunos pa\u00edses de Europa.<\/span><\/p>\n<\/p>\n<p><span class=\"text1noticias\">     Se inform\u00f3 que los oficiales de la DNCD continuaran las investigaciones relativas a este caso, a los fines de descubrir si hay m\u00e1s personas vinculadas a esta desmantelada banda y cuales son sus nexos en el exterior.<\/span><\/p>\n<p><span class=\"text1noticias\"> <\/span><\/p>\n<\/p>\n<h6> 2010-11-21 16:15:29 <\/h6>\n<p><!--\n<link rel=\"stylesheet\" href=\"css\/bootstrap.min.css\">\n\n\n<ul class=\"pagination\">\n\t    \n\t\n\n<li >\n\t<a href='?page_no=30511'>Previous<\/a>\n\t<\/li>\n\n\n       \n    \n\n<li><a href='?page_no=1'>1<\/a><\/li>\n\n\n\n<li><a href='?page_no=2'>2<\/a><\/li>\n\n\n\n<li><a>...<\/a><\/li>\n\n\n\n<li><a href='?page_no=30510'>30510<\/a><\/li>\n\n\n\n<li><a href='?page_no=30511'>30511<\/a><\/li>\n\n\n\n<li class='active'><a>30512<\/a><\/li>\n\n\n\n<li><a href='?page_no=30513'>30513<\/a><\/li>\n\n\n\n<li><a href='?page_no=30514'>30514<\/a><\/li>\n\n\n\n<li><a>...<\/a><\/li>\n\n\n\n<li><a href='?page_no=31963'>31963<\/a><\/li>\n\n\n\n<li><a href='?page_no=31964'>31964<\/a><\/li>\n\n    \n\t\n\n<li >\n\t<a href='?page_no=30513'>Next<\/a>\n\t<\/li>\n\n\n    \n\n<li><a href='?page_no=31964'>Last &rsaquo;&rsaquo;<\/a><\/li>\n\n<\/ul>\n\n\n--><br \/>\n<\/body><\/p>\n","protected":false},"excerpt":{"rendered":"<p>SANTIAGO.- La Direcci\u00f3n Nacional de Control de Drogas (DNCD) apres\u00f3 en esta ciudad a siete hombres y desmantel\u00f3 la estructura de una banda de narcotraficantes que se dedicaban a preparar maletas con doble fondo para enviarlas con drogas al exterior, a quienes incaut\u00f3 un poco m\u00e1s de dos kilos de una sustancia blanca que se [&hellip;]<\/p>\n","protected":false},"author":3,"featured_media":0,"comment_status":"open","ping_status":"open","sticky":false,"template":"","format":"standard","meta":{"footnotes":""},"categories":[24],"tags":[],"class_list":["post-155344","post","type-post","status-publish","format-standard","hentry","category-justicia-y-derecho"],"_links":{"self":[{"href":"https:\/\/diariodominicano.com\/index.php?rest_route=\/wp\/v2\/posts\/155344","targetHints":{"allow":["GET"]}}],"collection":[{"href":"https:\/\/diariodominicano.com\/index.php?rest_route=\/wp\/v2\/posts"}],"about":[{"href":"https:\/\/diariodominicano.com\/index.php?rest_route=\/wp\/v2\/types\/post"}],"author":[{"embeddable":true,"href":"https:\/\/diariodominicano.com\/index.php?rest_route=\/wp\/v2\/users\/3"}],"replies":[{"embeddable":true,"href":"https:\/\/diariodominicano.com\/index.php?rest_route=%2Fwp%2Fv2%2Fcomments&post=155344"}],"version-history":[{"count":0,"href":"https:\/\/diariodominicano.com\/index.php?rest_route=\/wp\/v2\/posts\/155344\/revisions"}],"wp:attachment":[{"href":"https:\/\/diariodominicano.com\/index.php?rest_route=%2Fwp%2Fv2%2Fmedia&parent=155344"}],"wp:term":[{"taxonomy":"category","embeddable":true,"href":"https:\/\/diariodominicano.com\/index.php?rest_route=%2Fwp%2Fv2%2Fcategories&post=155344"},{"taxonomy":"post_tag","embeddable":true,"href":"https:\/\/diariodominicano.com\/index.php?rest_route=%2Fwp%2Fv2%2Ftags&post=155344"}],"curies":[{"name":"wp","href":"https:\/\/api.w.org\/{rel}","templated":true}]}}