{"id":155342,"date":"2010-11-21T16:28:42","date_gmt":"2010-11-21T16:28:42","guid":{"rendered":"http:\/\/diariodominicano.ddns.net\/?p=155342"},"modified":"2010-11-21T16:28:42","modified_gmt":"2010-11-21T16:28:42","slug":"la-ex-presidenta-de-chile-michelle-bachelete-resalta-fortalecimiento-del-sistema-democratico-america-latina","status":"publish","type":"post","link":"https:\/\/diariodominicano.com\/?p=155342","title":{"rendered":"La ex presidenta de Chile, Michelle Bachelete, resalta fortalecimiento del sistema democratico America Latina"},"content":{"rendered":"<p><body><\/p>\n<p><img decoding=\"async\" src=\"http:\/\/localhost:8080\/justiciayderecho\/img3\/michelete bachelete uasd.JPG\" \/>  <\/p>\n<p><span class=\"text1noticias\"> <\/span><\/p>\n<p><span class=\"text1noticias\">La ex presidenta de Chile, Ver\u00f3nica Michelle Bachelet resalt\u00f3 la importancia del fortalecimiento y preservaci\u00f3n de la democracia en los pa\u00edses de Am\u00e9rica Latina, en un acto en el que el rector de la Universidad Aut\u00f3noma de Santo Domingo, Franklin Garc\u00eda Ferm\u00edn le entreg\u00f3 el t\u00edtulo de ?Doctor Honoris Causa?, de ese centro de altos estudios.<\/span><\/p>\n<p><span class=\"text1noticias\"> <\/span><\/p>\n<p><span class=\"text1noticias\">Bachelet, quien ocup\u00f3 el cargo de presidenta de Chile durante el per\u00edodo  2006-2010, en su discurso de agradecimiento tambi\u00e9n habl\u00f3 de los grandes m\u00e9ritos de la mujer latinoamericana, al tiempo de resaltar el hecho de que en este a\u00f1o han sido electas dos mujeres como presidentas: Laura Chinchilla,  en Costa Rica y Dilma Rousseff, en el Brasil, por lo que manifest\u00f3 sentir ?una tremenda alegr\u00eda?.<\/span><\/p>\n<p><span class=\"text1noticias\"> <\/span><\/p>\n<p><span class=\"text1noticias\">Bachelet, quien se destac\u00f3 durante su mandato como una asidua defensora de los ideales democr\u00e1ticos, record\u00f3 que el 25 de este mes de noviembre, se conmemora un a\u00f1o m\u00e1s del cruel asesinato de las hero\u00ednas Hermanas Mirabal, hecho horrendo que deplor\u00f3.<\/span><\/p>\n<p><span class=\"text1noticias\"> <\/span><\/p>\n<p><span class=\"text1noticias\">Dijo que siempre hay que estar alerta por mantener la democracia y el respeto de las libertades, \u00abadem\u00e1s que es indispensable que las nuevas generaciones conozcan la historia, para que en lo posible, no tropiecen con las mismas piedras\u00bb.<\/span><\/p>\n<p><span class=\"text1noticias\"> <\/span><\/p>\n<p><span class=\"text1noticias\">Por \u00faltimo, la ex presidenta de Chile reiter\u00f3 su agradecimiento a la Primada de Am\u00e9rica, al tiempo que resalt\u00f3 la labor de esta academia como formadora y compromisaria con el proyecto educativo de la Rep\u00fablica Dominicana por lo que felicit\u00f3 a sus autoridades y acad\u00e9micos. <\/span><\/p>\n<p><span class=\"text1noticias\"> <\/span><\/p>\n<p><span class=\"text1noticias\">De su lado, el rector de la UASD dijo que esa instituci\u00f3n tiene el alto honor de recibir en sus espacios  y de rendirle un tributo sobradamente merecido a la ex presidenta de Chile, doctora Michelle Bachelet, una de las personalidades latinoamericanas m\u00e1s relevantes de nuestros tiempos.<\/span><\/p>\n<p><span class=\"text1noticias\"> <\/span><\/p>\n<p><span class=\"text1noticias\">\u00abCon este homenaje se distingue a una persona que ejerci\u00f3, con altas habilidades pol\u00edticas, sabidur\u00eda y buen juicio, la presidencia de una de las rep\u00fablicas m\u00e1s esencialmente democr\u00e1ticas del Continente Americano\u00bb, manifest\u00f3 la m\u00e1xima autoridad de la Primada de Am\u00e9rica.<\/span><\/p>\n<p><span class=\"text1noticias\"> <\/span><\/p>\n<p><span class=\"text1noticias\">Expres\u00f3 que estamos homenajeando a una mujer extraordinaria que, adem\u00e1s de esposa, madre y ama de casa, es una profesional de la medicina, con estudios de postgrado en ciencias militares y portadora de una sagacidad pol\u00edtica que, en su caso particular, forma parte integral de una fina mezcla con el patriotismo m\u00e1s depurado.<\/span><\/p>\n<p><span class=\"text1noticias\"> <\/span><\/p>\n<p><span class=\"text1noticias\">La Mesa de Honor estuvo compuesta, adem\u00e1s de los mencionados, por el ministro de Educaci\u00f3n, Melanio Paredes; los ex rectores de la UASD, Guarocuya Batista del Villar y Porfirio Garc\u00eda; el rector de la Universidad Interamericana Gabriel Read, los Vicerrectores, Docente, Iv\u00e1n Grull\u00f3n; y de Investigaci\u00f3n y Postgrado, Josefina Copplind.<\/span><\/p>\n<p><span class=\"text1noticias\"> <\/span><\/p>\n<p><span class=\"text1noticias\">Tambi\u00e9n el secretario general, Juan Medina; los decanos de las Facultades de Ciencias, Miledys Alberto; de Ciencias Econ\u00f3micas y Sociales, Juan Antonio Cerda Luna; de Ciencias Jur\u00eddicas y Pol\u00edticas, Santo Inocencio Mercedes; de Ingenier\u00eda y Arquitectura, Domingo Jim\u00e9nez; de Ciencias de la Salud, Jorge Azjana; de Agronom\u00eda y Veterinaria, Manuel Calca\u00f1o; de Artes, Maria del Pilar; el representante de los Organismos Acad\u00e9micos Comunes, Juli\u00e1n Sosa, as\u00ed como representantes profesionales y estudiantiles.<\/span><\/p>\n<p><span class=\"text1noticias\"> <\/span><\/p>\n<p><span class=\"text1noticias\">Previo a la ceremonia formal de entrega del reconocimiento, Michelle Bachelet, firm\u00f3 el libro de Visitantes Distinguidos de la UASD, en el despacho del Rector. Tambi\u00e9n recibi\u00f3 de manos del rector Garc\u00eda Ferm\u00edn un anillo con el s\u00edmbolo de la academia estatal.<\/span><\/p>\n<\/p>\n<h6> 2010-11-21 16:28:42 <\/h6>\n<p><!--\n<link rel=\"stylesheet\" href=\"css\/bootstrap.min.css\">\n\n\n<ul class=\"pagination\">\n\t    \n\t\n\n<li >\n\t<a href='?page_no=30509'>Previous<\/a>\n\t<\/li>\n\n\n       \n    \n\n<li><a href='?page_no=1'>1<\/a><\/li>\n\n\n\n<li><a href='?page_no=2'>2<\/a><\/li>\n\n\n\n<li><a>...<\/a><\/li>\n\n\n\n<li><a href='?page_no=30508'>30508<\/a><\/li>\n\n\n\n<li><a href='?page_no=30509'>30509<\/a><\/li>\n\n\n\n<li class='active'><a>30510<\/a><\/li>\n\n\n\n<li><a href='?page_no=30511'>30511<\/a><\/li>\n\n\n\n<li><a href='?page_no=30512'>30512<\/a><\/li>\n\n\n\n<li><a>...<\/a><\/li>\n\n\n\n<li><a href='?page_no=31963'>31963<\/a><\/li>\n\n\n\n<li><a href='?page_no=31964'>31964<\/a><\/li>\n\n    \n\t\n\n<li >\n\t<a href='?page_no=30511'>Next<\/a>\n\t<\/li>\n\n\n    \n\n<li><a href='?page_no=31964'>Last &rsaquo;&rsaquo;<\/a><\/li>\n\n<\/ul>\n\n\n--><br \/>\n<\/body><\/p>\n","protected":false},"excerpt":{"rendered":"<p>La ex presidenta de Chile, Ver\u00f3nica Michelle Bachelet resalt\u00f3 la importancia del fortalecimiento y preservaci\u00f3n de la democracia en los pa\u00edses de Am\u00e9rica Latina, en un acto en el que el rector de la Universidad Aut\u00f3noma de Santo Domingo, Franklin Garc\u00eda Ferm\u00edn le entreg\u00f3 el t\u00edtulo de ?Doctor Honoris Causa?, de ese centro de altos [&hellip;]<\/p>\n","protected":false},"author":3,"featured_media":0,"comment_status":"open","ping_status":"open","sticky":false,"template":"","format":"standard","meta":{"footnotes":""},"categories":[24],"tags":[],"class_list":["post-155342","post","type-post","status-publish","format-standard","hentry","category-justicia-y-derecho"],"_links":{"self":[{"href":"https:\/\/diariodominicano.com\/index.php?rest_route=\/wp\/v2\/posts\/155342","targetHints":{"allow":["GET"]}}],"collection":[{"href":"https:\/\/diariodominicano.com\/index.php?rest_route=\/wp\/v2\/posts"}],"about":[{"href":"https:\/\/diariodominicano.com\/index.php?rest_route=\/wp\/v2\/types\/post"}],"author":[{"embeddable":true,"href":"https:\/\/diariodominicano.com\/index.php?rest_route=\/wp\/v2\/users\/3"}],"replies":[{"embeddable":true,"href":"https:\/\/diariodominicano.com\/index.php?rest_route=%2Fwp%2Fv2%2Fcomments&post=155342"}],"version-history":[{"count":0,"href":"https:\/\/diariodominicano.com\/index.php?rest_route=\/wp\/v2\/posts\/155342\/revisions"}],"wp:attachment":[{"href":"https:\/\/diariodominicano.com\/index.php?rest_route=%2Fwp%2Fv2%2Fmedia&parent=155342"}],"wp:term":[{"taxonomy":"category","embeddable":true,"href":"https:\/\/diariodominicano.com\/index.php?rest_route=%2Fwp%2Fv2%2Fcategories&post=155342"},{"taxonomy":"post_tag","embeddable":true,"href":"https:\/\/diariodominicano.com\/index.php?rest_route=%2Fwp%2Fv2%2Ftags&post=155342"}],"curies":[{"name":"wp","href":"https:\/\/api.w.org\/{rel}","templated":true}]}}