{"id":155339,"date":"2010-11-22T15:17:40","date_gmt":"2010-11-22T15:17:40","guid":{"rendered":"http:\/\/diariodominicano.ddns.net\/?p=155339"},"modified":"2010-11-22T15:17:40","modified_gmt":"2010-11-22T15:17:40","slug":"onamet-anuncia-lluvias-debiles-a-moderadas-en-varias-regiones","status":"publish","type":"post","link":"https:\/\/diariodominicano.com\/?p=155339","title":{"rendered":"&#13;Onamet anuncia lluvias d\u00e9biles a moderadas en varias regiones"},"content":{"rendered":"<p><body><\/p>\n<p><img decoding=\"async\" src=\"img3\/Onamet.jpg\" \/>  <\/p>\n<p><span class=\"text1noticias\">Santo Domingo, 22 Nov 2010.-La Oficina Nacional de Meteorolog\u00eda inform\u00f3 este lunes que el sistema frontal fue localizado al Este de Puerto Rico, alej\u00e1ndose del pa\u00eds, quedando nuestro territorio bajo los efectos del viento predominante del Este\/Noreste, el cual en las \u00faltimas horas increment\u00f3 el arrastre de nubosidad hacia la isla, dando lugar a la ocurrencia de lluvias d\u00e9biles a moderadas acompa\u00f1adas de r\u00e1fagas de vientos en ocasiones, especialmente sobre las regiones Norte, Noreste, Sureste y la Cordillera Central. <\/span><\/p>\n<\/p>\n<p><span class=\"text1noticias\">La ONAMET dijo adem\u00e1s, que las temperaturas  continuar\u00e1n agradables.<\/span><\/p>\n<p><span class=\"text1noticias\">Santo Domingo y sus municipios. Medio nublado ha nublado. Lluvias d\u00e9biles a moderadas en ocasiones con r\u00e1fagas vientos. <\/span><\/p>\n<\/p>\n<p><span class=\"text1noticias\">Distrito Nacional. Medio nublado a nublado con lluvias d\u00e9biles a moderadas, r\u00e1fagas de vientos en ocasiones y temperaturas agradables.<\/span><\/p>\n<h6> 2010-11-22 15:17:40 <\/h6>\n<p><!--\n<link rel=\"stylesheet\" href=\"css\/bootstrap.min.css\">\n\n\n<ul class=\"pagination\">\n\t    \n\t\n\n<li >\n\t<a href='?page_no=30506'>Previous<\/a>\n\t<\/li>\n\n\n       \n    \n\n<li><a href='?page_no=1'>1<\/a><\/li>\n\n\n\n<li><a href='?page_no=2'>2<\/a><\/li>\n\n\n\n<li><a>...<\/a><\/li>\n\n\n\n<li><a href='?page_no=30505'>30505<\/a><\/li>\n\n\n\n<li><a href='?page_no=30506'>30506<\/a><\/li>\n\n\n\n<li class='active'><a>30507<\/a><\/li>\n\n\n\n<li><a href='?page_no=30508'>30508<\/a><\/li>\n\n\n\n<li><a href='?page_no=30509'>30509<\/a><\/li>\n\n\n\n<li><a>...<\/a><\/li>\n\n\n\n<li><a href='?page_no=31963'>31963<\/a><\/li>\n\n\n\n<li><a href='?page_no=31964'>31964<\/a><\/li>\n\n    \n\t\n\n<li >\n\t<a href='?page_no=30508'>Next<\/a>\n\t<\/li>\n\n\n    \n\n<li><a href='?page_no=31964'>Last &rsaquo;&rsaquo;<\/a><\/li>\n\n<\/ul>\n\n\n--><br \/>\n<\/body><\/p>\n","protected":false},"excerpt":{"rendered":"<p>Santo Domingo, 22 Nov 2010.-La Oficina Nacional de Meteorolog\u00eda inform\u00f3 este lunes que el sistema frontal fue localizado al Este de Puerto Rico, alej\u00e1ndose del pa\u00eds, quedando nuestro territorio bajo los efectos del viento predominante del Este\/Noreste, el cual en las \u00faltimas horas increment\u00f3 el arrastre de nubosidad hacia la isla, dando lugar a la [&hellip;]<\/p>\n","protected":false},"author":3,"featured_media":0,"comment_status":"open","ping_status":"open","sticky":false,"template":"","format":"standard","meta":{"footnotes":""},"categories":[24],"tags":[],"class_list":["post-155339","post","type-post","status-publish","format-standard","hentry","category-justicia-y-derecho"],"_links":{"self":[{"href":"https:\/\/diariodominicano.com\/index.php?rest_route=\/wp\/v2\/posts\/155339","targetHints":{"allow":["GET"]}}],"collection":[{"href":"https:\/\/diariodominicano.com\/index.php?rest_route=\/wp\/v2\/posts"}],"about":[{"href":"https:\/\/diariodominicano.com\/index.php?rest_route=\/wp\/v2\/types\/post"}],"author":[{"embeddable":true,"href":"https:\/\/diariodominicano.com\/index.php?rest_route=\/wp\/v2\/users\/3"}],"replies":[{"embeddable":true,"href":"https:\/\/diariodominicano.com\/index.php?rest_route=%2Fwp%2Fv2%2Fcomments&post=155339"}],"version-history":[{"count":0,"href":"https:\/\/diariodominicano.com\/index.php?rest_route=\/wp\/v2\/posts\/155339\/revisions"}],"wp:attachment":[{"href":"https:\/\/diariodominicano.com\/index.php?rest_route=%2Fwp%2Fv2%2Fmedia&parent=155339"}],"wp:term":[{"taxonomy":"category","embeddable":true,"href":"https:\/\/diariodominicano.com\/index.php?rest_route=%2Fwp%2Fv2%2Fcategories&post=155339"},{"taxonomy":"post_tag","embeddable":true,"href":"https:\/\/diariodominicano.com\/index.php?rest_route=%2Fwp%2Fv2%2Ftags&post=155339"}],"curies":[{"name":"wp","href":"https:\/\/api.w.org\/{rel}","templated":true}]}}