{"id":155338,"date":"2010-11-22T16:32:32","date_gmt":"2010-11-22T16:32:32","guid":{"rendered":"http:\/\/diariodominicano.ddns.net\/?p=155338"},"modified":"2010-11-22T16:32:32","modified_gmt":"2010-11-22T16:32:32","slug":"autoridades-de-puerto-rico-solicitaran-extradicion-de-eddy-brito-y-otros-implicados-en-red-figueroa-agosto","status":"publish","type":"post","link":"https:\/\/diariodominicano.com\/?p=155338","title":{"rendered":"Autoridades de Puerto Rico solicitar\u00e1n extradici\u00f3n de Eddy Brito y otros implicados en red Figueroa Agosto"},"content":{"rendered":"<p><body><\/p>\n<p><img decoding=\"async\" src=\"http:\/\/localhost:8080\/justiciayderecho\/img3\/Eddy Brito.jpg\" \/>  <\/p>\n<p><span class=\"text1noticias\">Santo Domingo, 22 Nov 2010.- El fiscal del Distrito Nacional, Alejandro Moscoso Segarra, inform\u00f3 desde Puerto Rico que en pocas horas pedir\u00e1n la extradici\u00f3n de Eddy Brito, ex esposo de Sobeida Felix Morel por hab\u00e9rsele encontrado en la isla evidencias que lo comprometen con el capo boricua Jos\u00e9 David Figueroa Agosto.<\/span><\/p>\n<\/p>\n<p><span class=\"text1noticias\">Dijo  que tambi\u00e9n ser\u00e1n solicitadas personas de las que est\u00e1n se\u00f1aladas como parte de la red del boricua en Rep\u00fablica Dominicana y otras que no est\u00e1n dentro del expediente acusatorio.<\/span><\/p>\n<\/p>\n<p><span class=\"text1noticias\">Autoridades federales  de Estados Unidos y Puerto Rico realizaron operativos y se incautaron bienes valorados en cientos de millones de d\u00f3lares y se apresaron a m\u00e1s de 15 personas, incluido el se\u00f1or Jorge Figueroa Agosto, hermano de Jos\u00e9 David Figueroa Agosto, luego de que \u00e9ste llegara a la isla de San Tom\u00e1s a bordo de un crucero procedente de San Juan. <\/span><\/p>\n<\/p>\n<p><span class=\"text1noticias\">En este sentido, este lunes se  presentaran cargos por narcotr\u00e1fico a los hermanos Figueroa Agosto, as\u00ed como a todos los apresados durante el operativo, y tambi\u00e9n al imputado dominicano Eddy Brito, quien en lo sucesivo ser\u00e1 solicitado en extradici\u00f3n para enfrentar los cargos que se le han presentado.<\/span><\/p>\n<p><span class=\"text1noticias\"> <\/span><\/p>\n<p><span class=\"text1noticias\">El magistrado Moscoso Segarra no descarta que otras personas en el pa\u00eds, incluidos otros de los imputados en el caso, sean solicitadas en extradici\u00f3n por su participaci\u00f3n en la red de Figueroa Agosto en Rep\u00fablica Dominicana. <\/span><\/p>\n<h6> 2010-11-22 16:32:32 <\/h6>\n<p><!--\n<link rel=\"stylesheet\" href=\"css\/bootstrap.min.css\">\n\n\n<ul class=\"pagination\">\n\t    \n\t\n\n<li >\n\t<a href='?page_no=30505'>Previous<\/a>\n\t<\/li>\n\n\n       \n    \n\n<li><a href='?page_no=1'>1<\/a><\/li>\n\n\n\n<li><a href='?page_no=2'>2<\/a><\/li>\n\n\n\n<li><a>...<\/a><\/li>\n\n\n\n<li><a href='?page_no=30504'>30504<\/a><\/li>\n\n\n\n<li><a href='?page_no=30505'>30505<\/a><\/li>\n\n\n\n<li class='active'><a>30506<\/a><\/li>\n\n\n\n<li><a href='?page_no=30507'>30507<\/a><\/li>\n\n\n\n<li><a href='?page_no=30508'>30508<\/a><\/li>\n\n\n\n<li><a>...<\/a><\/li>\n\n\n\n<li><a href='?page_no=31963'>31963<\/a><\/li>\n\n\n\n<li><a href='?page_no=31964'>31964<\/a><\/li>\n\n    \n\t\n\n<li >\n\t<a href='?page_no=30507'>Next<\/a>\n\t<\/li>\n\n\n    \n\n<li><a href='?page_no=31964'>Last &rsaquo;&rsaquo;<\/a><\/li>\n\n<\/ul>\n\n\n--><br \/>\n<\/body><\/p>\n","protected":false},"excerpt":{"rendered":"<p>Santo Domingo, 22 Nov 2010.- El fiscal del Distrito Nacional, Alejandro Moscoso Segarra, inform\u00f3 desde Puerto Rico que en pocas horas pedir\u00e1n la extradici\u00f3n de Eddy Brito, ex esposo de Sobeida Felix Morel por hab\u00e9rsele encontrado en la isla evidencias que lo comprometen con el capo boricua Jos\u00e9 David Figueroa Agosto. Dijo que tambi\u00e9n ser\u00e1n [&hellip;]<\/p>\n","protected":false},"author":3,"featured_media":0,"comment_status":"open","ping_status":"open","sticky":false,"template":"","format":"standard","meta":{"footnotes":""},"categories":[24],"tags":[],"class_list":["post-155338","post","type-post","status-publish","format-standard","hentry","category-justicia-y-derecho"],"_links":{"self":[{"href":"https:\/\/diariodominicano.com\/index.php?rest_route=\/wp\/v2\/posts\/155338","targetHints":{"allow":["GET"]}}],"collection":[{"href":"https:\/\/diariodominicano.com\/index.php?rest_route=\/wp\/v2\/posts"}],"about":[{"href":"https:\/\/diariodominicano.com\/index.php?rest_route=\/wp\/v2\/types\/post"}],"author":[{"embeddable":true,"href":"https:\/\/diariodominicano.com\/index.php?rest_route=\/wp\/v2\/users\/3"}],"replies":[{"embeddable":true,"href":"https:\/\/diariodominicano.com\/index.php?rest_route=%2Fwp%2Fv2%2Fcomments&post=155338"}],"version-history":[{"count":0,"href":"https:\/\/diariodominicano.com\/index.php?rest_route=\/wp\/v2\/posts\/155338\/revisions"}],"wp:attachment":[{"href":"https:\/\/diariodominicano.com\/index.php?rest_route=%2Fwp%2Fv2%2Fmedia&parent=155338"}],"wp:term":[{"taxonomy":"category","embeddable":true,"href":"https:\/\/diariodominicano.com\/index.php?rest_route=%2Fwp%2Fv2%2Fcategories&post=155338"},{"taxonomy":"post_tag","embeddable":true,"href":"https:\/\/diariodominicano.com\/index.php?rest_route=%2Fwp%2Fv2%2Ftags&post=155338"}],"curies":[{"name":"wp","href":"https:\/\/api.w.org\/{rel}","templated":true}]}}