{"id":155337,"date":"2010-11-22T18:26:58","date_gmt":"2010-11-22T18:26:58","guid":{"rendered":"http:\/\/diariodominicano.ddns.net\/?p=155337"},"modified":"2010-11-22T18:26:58","modified_gmt":"2010-11-22T18:26:58","slug":"paises-firman-declaracion-santo-domingo-para-desarrollo-sostenible","status":"publish","type":"post","link":"https:\/\/diariodominicano.com\/?p=155337","title":{"rendered":"Pa\u00edses firman Declaraci\u00f3n Santo Domingo para desarrollo sostenible&#13;"},"content":{"rendered":"<p><body><\/p>\n<p><img decoding=\"async\" src=\"http:\/\/localhost:8080\/justiciayderecho\/img3\/CLAUSURA REUNION OEA 1.JPG\" \/>  <\/p>\n<p><span class=\"text1noticias\">Santo Domingo, RD, 22 nov 2010.- Los pa\u00edses miembros de la OEA asumieron en Santo Domingo el compromiso de destinar mayores recursos a la prevenci\u00f3n y mitigaci\u00f3n de desastres naturales y promover la coordinaci\u00f3n internacional y regional para responder de manera eficaz a las situaciones de emergencia.<\/span><\/p>\n<\/p>\n<p><span class=\"text1noticias\">La \u00abDeclaraci\u00f3n de Santo Domingo\u00bb, expedida al final de la II Reuni\u00f3n de Ministros y Altas Autoridades de Desarrollo Sostenible que sesion\u00f3 durante tres d\u00edas en la sede de la Canciller\u00eda dominicana, establece tambi\u00e9n el compromiso de fomentar la utilizaci\u00f3n de energ\u00edas limpias en los hogares y los sectores tanto p\u00fablico como privado.<\/span><\/p>\n<\/p>\n<p><span class=\"text1noticias\">Reconocen que para enfrentar los desaf\u00edos del desarrollo sostenible se requiere de enfoques integrales que fortalezcan las alianzas publico-privadas en cada uno de los pa\u00edses y a nivel regional, en temas claves como la producci\u00f3n y consumo sostenible y responsabilidad social, abordando de manera equilibrada las dimensiones econ\u00f3mica, social y ambiental.<\/span><\/p>\n<\/p>\n<p><span class=\"text1noticias\">Estuvieron de acuerdo en que para erradicar el hambre y la pobreza, especialmente la pobreza extrema, crear trabajo digno y decente, elevar el nivel de vida de los pueblos, se debe promover un desarrollo econ\u00f3mico sostenible, pr\u00e1cticas empresariales de responsabilidad social y ambiental a trav\u00e9s de la equidad, la inclusi\u00f3n social y la participaci\u00f3n activa de todos los sectores, asegurando la creaci\u00f3n y fortalecimiento de las capacidades de la poblaci\u00f3n.<\/span><\/p>\n<\/p>\n<p><span class=\"text1noticias\">Abogaron por la creaci\u00f3n de un sistema multilateral  de comercio abierto, transparente y basado en normas y por la necesidad de que todos los pueblos de la regi\u00f3n se beneficien del aumento de oportunidades y las mejores en el bienestar que genera el sistema multilateral de comercio.<\/span><\/p>\n<\/p>\n<p><span class=\"text1noticias\">En la declaraci\u00f3n que fue expedita la noche del viernes en el marco de una sesi\u00f3n que encabez\u00f3 el dominicano Tem\u00edstocles Mont\u00e1s, Ministro de Econom\u00eda, Planificaci\u00f3n y Desarrollo, se inst\u00f3 a los Estados miembros de la OEA a colaborar con las organizaciones nacionales, regional e internacionales especializadas en cuestiones de desastres para fortalecer la cooperaci\u00f3n en las Am\u00e9ricas en las \u00e1reas de reducci\u00f3n y de gesti\u00f3n de riesgo de desastres.<\/span><\/p>\n<\/p>\n<p><span class=\"text1noticias\">Respecto a las energ\u00edas limpias, la Declaraci\u00f3n de Santo Domingo establece \u00abfomentar esfuerzos para desarrollar sistemas de energ\u00eda m\u00e1s limpios, asequibles, renovables y sostenibles para promover el acceso a la energ\u00eda y tecnolog\u00eda y pr\u00e1cticas energ\u00e9ticas eficientes en los hogares y en los sectores p\u00fablico y privado\u00bb. <\/span><\/p>\n<\/p>\n<p><span class=\"text1noticias\">La delegaci\u00f3n de Bolivia lament\u00f3 no firmar la declaraci\u00f3n final, y tener que tomar una decisi\u00f3n de este tipo en una reuni\u00f3n organizada en Santo Domingo, \u00aben medio de un pueblo que dispensa exquisita hospitalidad\u00bb. <\/span><\/p>\n<\/p>\n<p><span class=\"text1noticias\">Entre otros puntos la declaraci\u00f3n establece que \u00abpromover una nueva cultura sobre desarrollo sostenible basada en la armon\u00eda entre lo econ\u00f3mico, lo social y lo ambiental, a trav\u00e9s de procesos de sensibilizaci\u00f3n\u00bb. <\/span><\/p>\n<\/p>\n<p><span class=\"text1noticias\">Los pa\u00edses miembros tambi\u00e9n se comprometen a  erradicar \u00abla pobreza\u00bb como parte \u00abfundamental del desarrollo sostenible dados los v\u00ednculos entre la vulnerabilidad, la pobreza, inequidad, degradaci\u00f3n ambiental y desastres\u00bb.   <\/span><\/p>\n<\/p>\n<h6> 2010-11-22 18:26:58 <\/h6>\n<p><!--\n<link rel=\"stylesheet\" href=\"css\/bootstrap.min.css\">\n\n\n<ul class=\"pagination\">\n\t    \n\t\n\n<li >\n\t<a href='?page_no=30504'>Previous<\/a>\n\t<\/li>\n\n\n       \n    \n\n<li><a href='?page_no=1'>1<\/a><\/li>\n\n\n\n<li><a href='?page_no=2'>2<\/a><\/li>\n\n\n\n<li><a>...<\/a><\/li>\n\n\n\n<li><a href='?page_no=30503'>30503<\/a><\/li>\n\n\n\n<li><a href='?page_no=30504'>30504<\/a><\/li>\n\n\n\n<li class='active'><a>30505<\/a><\/li>\n\n\n\n<li><a href='?page_no=30506'>30506<\/a><\/li>\n\n\n\n<li><a href='?page_no=30507'>30507<\/a><\/li>\n\n\n\n<li><a>...<\/a><\/li>\n\n\n\n<li><a href='?page_no=31963'>31963<\/a><\/li>\n\n\n\n<li><a href='?page_no=31964'>31964<\/a><\/li>\n\n    \n\t\n\n<li >\n\t<a href='?page_no=30506'>Next<\/a>\n\t<\/li>\n\n\n    \n\n<li><a href='?page_no=31964'>Last &rsaquo;&rsaquo;<\/a><\/li>\n\n<\/ul>\n\n\n--><br \/>\n<\/body><\/p>\n","protected":false},"excerpt":{"rendered":"<p>Santo Domingo, RD, 22 nov 2010.- Los pa\u00edses miembros de la OEA asumieron en Santo Domingo el compromiso de destinar mayores recursos a la prevenci\u00f3n y mitigaci\u00f3n de desastres naturales y promover la coordinaci\u00f3n internacional y regional para responder de manera eficaz a las situaciones de emergencia. La \u00abDeclaraci\u00f3n de Santo Domingo\u00bb, expedida al final [&hellip;]<\/p>\n","protected":false},"author":3,"featured_media":0,"comment_status":"open","ping_status":"open","sticky":false,"template":"","format":"standard","meta":{"footnotes":""},"categories":[24],"tags":[],"class_list":["post-155337","post","type-post","status-publish","format-standard","hentry","category-justicia-y-derecho"],"_links":{"self":[{"href":"https:\/\/diariodominicano.com\/index.php?rest_route=\/wp\/v2\/posts\/155337","targetHints":{"allow":["GET"]}}],"collection":[{"href":"https:\/\/diariodominicano.com\/index.php?rest_route=\/wp\/v2\/posts"}],"about":[{"href":"https:\/\/diariodominicano.com\/index.php?rest_route=\/wp\/v2\/types\/post"}],"author":[{"embeddable":true,"href":"https:\/\/diariodominicano.com\/index.php?rest_route=\/wp\/v2\/users\/3"}],"replies":[{"embeddable":true,"href":"https:\/\/diariodominicano.com\/index.php?rest_route=%2Fwp%2Fv2%2Fcomments&post=155337"}],"version-history":[{"count":0,"href":"https:\/\/diariodominicano.com\/index.php?rest_route=\/wp\/v2\/posts\/155337\/revisions"}],"wp:attachment":[{"href":"https:\/\/diariodominicano.com\/index.php?rest_route=%2Fwp%2Fv2%2Fmedia&parent=155337"}],"wp:term":[{"taxonomy":"category","embeddable":true,"href":"https:\/\/diariodominicano.com\/index.php?rest_route=%2Fwp%2Fv2%2Fcategories&post=155337"},{"taxonomy":"post_tag","embeddable":true,"href":"https:\/\/diariodominicano.com\/index.php?rest_route=%2Fwp%2Fv2%2Ftags&post=155337"}],"curies":[{"name":"wp","href":"https:\/\/api.w.org\/{rel}","templated":true}]}}