{"id":155334,"date":"2010-11-22T19:47:08","date_gmt":"2010-11-22T19:47:08","guid":{"rendered":"http:\/\/diariodominicano.ddns.net\/?p=155334"},"modified":"2010-11-22T19:47:08","modified_gmt":"2010-11-22T19:47:08","slug":"diputados-inician-evaluacion-aspirante-a-defensor-del-pueblo","status":"publish","type":"post","link":"https:\/\/diariodominicano.com\/?p=155334","title":{"rendered":"Diputados inician evaluaci\u00f3n aspirante a Defensor del Pueblo"},"content":{"rendered":"<p><body><\/p>\n<p><span class=\"text1noticias\">Santo Domingo.- La comisi\u00f3n especial de la C\u00e1mara de Diputados que preside Teodoro Ursino Reyes, inici\u00f3 este lunes  las vistas p\u00fablicas con 18  de los 79 aspirantes a ocupar el cargo de Defensor del Pueblo y sus dos adjuntos.<\/span><\/p>\n<\/p>\n<p><span class=\"text1noticias\"> Este lunes expusieron los aspirantes, el doctor F\u00e9lix Antonio Cruz Jimini\u00e1n, quien de todos los postulados fue el que mayores aplausos concit\u00f3 al exponer la labor social que ha realizado en el sector de Cristo Rey, M\u00e1ximo Enrique Alburquerque \u00c1vila, Teodoro Alc\u00e1ntara Bido, Ingrid Soraya Alfonseca Aquino, H\u00e9ctor \u00c1lvarez Cepeda, Alejandro Antigua Muese y Jos\u00e9 Francisco Ant\u00fan.<\/span><\/p>\n<\/p>\n<p><span class=\"text1noticias\">Tambi\u00e9n Teodoro Araujo Brito, Gregorio Alexis Arias P\u00e9rez, Mar\u00eda Altagracia Batista Mej\u00eda, Mar\u00eda Rosa Belliard, Adris Ynes Bruno Tejada y \u00c1lvaro Caama\u00f1o D\u00edaz.<\/span><\/p>\n<\/p>\n<p><span class=\"text1noticias\"> Adem\u00e1s Iraima Altagracia Caprile Rosado, Ricardo  Caraballo de la Cruz, Nelson Castillo Ogando, Jos\u00e9 Felipe Collado Estrella, \u00c1ngel Emilio Contreras Severino.<\/span><\/p>\n<\/p>\n<p><span class=\"text1noticias\">Otra aspirante que impresion\u00f3 a los presente por su brillante exposici\u00f3n fue la se\u00f1ora Capriles Rosario.<\/span><\/p>\n<p><span class=\"text1noticias\">El presidente de la Comisi\u00f3n del Defensor del Pueblo, diputado Teodoro Ursino Reyes, asegur\u00f3 que ante de que finalice este a\u00f1o, el pa\u00eds tendr\u00e1 el Defensor del Pueblo y afirm\u00f3 que la terna que escoger\u00e1 la C\u00e1mara de Diputados y que enviar\u00e1 al Senado, ser\u00e1 aprobada en los pr\u00f3ximos d\u00edas de diciembre.<\/span><\/p>\n<\/p>\n<p><span class=\"text1noticias\">Dijo que la comisi\u00f3n de diputados que integran el Defensor del Pueblo escucha a los aspirantes y antes de finalizar este mes tienen previsto rendir el informe al hemiciclo.<\/span><\/p>\n<\/p>\n<p><span class=\"text1noticias\">Reyes habl\u00f3 al t\u00e9rmino de la primera vista p\u00fablica, de cuatro que se realizar\u00e1n, en la que expusieron los primeros 18 postulantes de 20, de 79 que reunieron las condiciones para ser escuchados por la comisi\u00f3n.<\/span><\/p>\n<\/p>\n<p><span class=\"text1noticias\">Jos\u00e9 Enrique B\u00e1ez Ure\u00f1a y Danilo Caraballo Santana, quienes debieron exponer este lunes, enviaron excusas por lo que fueron removidas para que expongan en el pr\u00f3ximo viernes.<\/span><\/p>\n<\/p>\n<p><span class=\"text1noticias\">?En la C\u00e1mara de Diputados existe la intensi\u00f3n y la voluntad de que se escoja ya el defensor del pueblo, quien tiene diez a\u00f1os la ley de aprobada, pero el pa\u00eds ante de que finalice el a\u00f1o, se elegir\u00e1n las ternas que deber\u00e1 ratificar o modificar el Senado?, precis\u00f3 Reyes.<\/span><\/p>\n<\/p>\n<p><span class=\"text1noticias\">Agreg\u00f3 que dentro de los aspirantes hay material suficiente, moral, \u00e9tico y profesional para que el pueblo pueda darse el Defensor del Pueblo.<\/span><\/p>\n<\/p>\n<p><span class=\"text1noticias\">Recalc\u00f3 que hay una luz al final de t\u00fanel e insisti\u00f3 que la sociedad dominicana ser\u00e1 la gran beneficiada con la escogencia del Defensor del Pueblo.<\/span><\/p>\n<\/p>\n<p><span class=\"text1noticias\">Aclar\u00f3 que por el momento la comisi\u00f3n no ha recibido ning\u00fan tipo de presi\u00f3n de sectores pol\u00edticos, econ\u00f3micos ni sociales, ?porque no aceptaremos ninguna imposici\u00f3n de nadie, los que salgan electos es porque han obtenido buena evaluaci\u00f3n?.<\/span><\/p>\n<\/p>\n<p><span class=\"text1noticias\">Dijo que la segunda vista p\u00fablica ser\u00e9 el viernes pr\u00f3ximo, la tercera el lunes 29 y la cuarta el martes 30, y espera que en esa misma semana redacten el informe final de la comisi\u00f3n de C\u00e1mara de Cuentas.<\/span><\/p>\n<\/p>\n<p><span class=\"text1noticias\">El presidente de la  Comisi\u00f3n anot\u00f3 que en las exposiciones muchas personas demostraron capacidad absoluta y plena y conocimiento de lo que significa el Defensor del Pueblo.<\/span><\/p>\n<\/p>\n<h6> 2010-11-22 19:47:08 <\/h6>\n<p><!--\n<link rel=\"stylesheet\" href=\"css\/bootstrap.min.css\">\n\n\n<ul class=\"pagination\">\n\t    \n\t\n\n<li >\n\t<a href='?page_no=30501'>Previous<\/a>\n\t<\/li>\n\n\n       \n    \n\n<li><a href='?page_no=1'>1<\/a><\/li>\n\n\n\n<li><a href='?page_no=2'>2<\/a><\/li>\n\n\n\n<li><a>...<\/a><\/li>\n\n\n\n<li><a href='?page_no=30500'>30500<\/a><\/li>\n\n\n\n<li><a href='?page_no=30501'>30501<\/a><\/li>\n\n\n\n<li class='active'><a>30502<\/a><\/li>\n\n\n\n<li><a href='?page_no=30503'>30503<\/a><\/li>\n\n\n\n<li><a href='?page_no=30504'>30504<\/a><\/li>\n\n\n\n<li><a>...<\/a><\/li>\n\n\n\n<li><a href='?page_no=31963'>31963<\/a><\/li>\n\n\n\n<li><a href='?page_no=31964'>31964<\/a><\/li>\n\n    \n\t\n\n<li >\n\t<a href='?page_no=30503'>Next<\/a>\n\t<\/li>\n\n\n    \n\n<li><a href='?page_no=31964'>Last &rsaquo;&rsaquo;<\/a><\/li>\n\n<\/ul>\n\n\n--><br \/>\n<\/body><\/p>\n","protected":false},"excerpt":{"rendered":"<p>Santo Domingo.- La comisi\u00f3n especial de la C\u00e1mara de Diputados que preside Teodoro Ursino Reyes, inici\u00f3 este lunes las vistas p\u00fablicas con 18 de los 79 aspirantes a ocupar el cargo de Defensor del Pueblo y sus dos adjuntos. Este lunes expusieron los aspirantes, el doctor F\u00e9lix Antonio Cruz Jimini\u00e1n, quien de todos los postulados [&hellip;]<\/p>\n","protected":false},"author":3,"featured_media":0,"comment_status":"open","ping_status":"open","sticky":false,"template":"","format":"standard","meta":{"footnotes":""},"categories":[24],"tags":[],"class_list":["post-155334","post","type-post","status-publish","format-standard","hentry","category-justicia-y-derecho"],"_links":{"self":[{"href":"https:\/\/diariodominicano.com\/index.php?rest_route=\/wp\/v2\/posts\/155334","targetHints":{"allow":["GET"]}}],"collection":[{"href":"https:\/\/diariodominicano.com\/index.php?rest_route=\/wp\/v2\/posts"}],"about":[{"href":"https:\/\/diariodominicano.com\/index.php?rest_route=\/wp\/v2\/types\/post"}],"author":[{"embeddable":true,"href":"https:\/\/diariodominicano.com\/index.php?rest_route=\/wp\/v2\/users\/3"}],"replies":[{"embeddable":true,"href":"https:\/\/diariodominicano.com\/index.php?rest_route=%2Fwp%2Fv2%2Fcomments&post=155334"}],"version-history":[{"count":0,"href":"https:\/\/diariodominicano.com\/index.php?rest_route=\/wp\/v2\/posts\/155334\/revisions"}],"wp:attachment":[{"href":"https:\/\/diariodominicano.com\/index.php?rest_route=%2Fwp%2Fv2%2Fmedia&parent=155334"}],"wp:term":[{"taxonomy":"category","embeddable":true,"href":"https:\/\/diariodominicano.com\/index.php?rest_route=%2Fwp%2Fv2%2Fcategories&post=155334"},{"taxonomy":"post_tag","embeddable":true,"href":"https:\/\/diariodominicano.com\/index.php?rest_route=%2Fwp%2Fv2%2Ftags&post=155334"}],"curies":[{"name":"wp","href":"https:\/\/api.w.org\/{rel}","templated":true}]}}