{"id":155333,"date":"2010-11-22T20:21:38","date_gmt":"2010-11-22T20:21:38","guid":{"rendered":"http:\/\/diariodominicano.ddns.net\/?p=155333"},"modified":"2010-11-22T20:21:38","modified_gmt":"2010-11-22T20:21:38","slug":"camacho-entiende-es-posible-asignar-el-cuatro-por-ciento-a-la-educacion","status":"publish","type":"post","link":"https:\/\/diariodominicano.com\/?p=155333","title":{"rendered":"Camacho entiende es posible asignar el cuatro por ciento a la educaci\u00f3n"},"content":{"rendered":"<p><body><\/p>\n<p><span class=\"text1noticias\"> <\/span><\/p>\n<p><span class=\"text1noticias\"> <\/span><\/p>\n<p><span class=\"text1noticias\">Para Radham\u00e9s Camacho, titular de la Secretar\u00eda de Asuntos Magisteriales del Partido de la Liberaci\u00f3n Dominicana entiende que si  posible  reajustar  del proyecto de presupuesto presentado al Congreso Nacional para incluir el monto que ordena la ley a la educaci\u00f3n p\u00fablica.<\/span><\/p>\n<p><span class=\"text1noticias\"> <\/span><\/p>\n<p><span class=\"text1noticias\">El tambi\u00e9n miembro del Comit\u00e9 Pol\u00edtico del PLD considera  necesario dicho reajuste para que se produzca la mejor\u00eda salarial de los profesores y  se  construyan m\u00e1s aulas y  aumentar  as\u00ed el \u00edndice de aula-estudiante  <\/span><\/p>\n<p><span class=\"text1noticias\"> <\/span><\/p>\n<p><span class=\"text1noticias\">Camacho asegur\u00f3 que con  incremento al  4% al PIB para la educaci\u00f3n mejorar\u00e1 la calidad de la formaci\u00f3n de los estudiantes y se incentivar\u00e1 a los docentes para que no se produzcan deserci\u00f3n escolar, as\u00ed como  para lograr un reajuste salarial para los maestros.<\/span><\/p>\n<p><span class=\"text1noticias\"> <\/span><\/p>\n<p><span class=\"text1noticias\">Si  como dicen las autoridades del pa\u00eds y los organismos internacionales,  la econom\u00eda dominicana va a crecer este a\u00f1o por sobre el 5%, se necesita que esa expectativa se refleje tambi\u00e9n en la educaci\u00f3n, reflexiona el Presidente de la Asociaci\u00f3n Dominicana de Profesores y Diputado ante el Congreso Nacional.<\/span><\/p>\n<p><span class=\"text1noticias\"> <\/span><\/p>\n<p><span class=\"text1noticias\">?Por eso estamos reiterando la posici\u00f3n como diputado y como Presidente de la ADP, que s\u00ed es posible el reajuste en la partida de educaci\u00f3n en el presupuesto general? declar\u00f3 Camacho al radioperi\u00f3dico Noticiario Popular, que el PLD divulga en un parte de prensa.<\/span><\/p>\n<p><span class=\"text1noticias\"> <\/span><\/p>\n<p><span class=\"text1noticias\">.?Necesitamos que los senadores y diputados, que el Ministerio de Hacienda, entiendan que la partida de Educaci\u00f3n en el presupuesto tiene que ser modificada para que pase de 2.38 a 4 por ciento del PIB?, expres\u00f3 Camacho.<\/span><\/p>\n<\/p>\n<h6> 2010-11-22 20:21:38 <\/h6>\n<p><!--\n<link rel=\"stylesheet\" href=\"css\/bootstrap.min.css\">\n\n\n<ul class=\"pagination\">\n\t    \n\t\n\n<li >\n\t<a href='?page_no=30500'>Previous<\/a>\n\t<\/li>\n\n\n       \n    \n\n<li><a href='?page_no=1'>1<\/a><\/li>\n\n\n\n<li><a href='?page_no=2'>2<\/a><\/li>\n\n\n\n<li><a>...<\/a><\/li>\n\n\n\n<li><a href='?page_no=30499'>30499<\/a><\/li>\n\n\n\n<li><a href='?page_no=30500'>30500<\/a><\/li>\n\n\n\n<li class='active'><a>30501<\/a><\/li>\n\n\n\n<li><a href='?page_no=30502'>30502<\/a><\/li>\n\n\n\n<li><a href='?page_no=30503'>30503<\/a><\/li>\n\n\n\n<li><a>...<\/a><\/li>\n\n\n\n<li><a href='?page_no=31963'>31963<\/a><\/li>\n\n\n\n<li><a href='?page_no=31964'>31964<\/a><\/li>\n\n    \n\t\n\n<li >\n\t<a href='?page_no=30502'>Next<\/a>\n\t<\/li>\n\n\n    \n\n<li><a href='?page_no=31964'>Last &rsaquo;&rsaquo;<\/a><\/li>\n\n<\/ul>\n\n\n--><br \/>\n<\/body><\/p>\n","protected":false},"excerpt":{"rendered":"<p>Para Radham\u00e9s Camacho, titular de la Secretar\u00eda de Asuntos Magisteriales del Partido de la Liberaci\u00f3n Dominicana entiende que si posible reajustar del proyecto de presupuesto presentado al Congreso Nacional para incluir el monto que ordena la ley a la educaci\u00f3n p\u00fablica. El tambi\u00e9n miembro del Comit\u00e9 Pol\u00edtico del PLD considera necesario dicho reajuste para que [&hellip;]<\/p>\n","protected":false},"author":3,"featured_media":0,"comment_status":"open","ping_status":"open","sticky":false,"template":"","format":"standard","meta":{"footnotes":""},"categories":[24],"tags":[],"class_list":["post-155333","post","type-post","status-publish","format-standard","hentry","category-justicia-y-derecho"],"_links":{"self":[{"href":"https:\/\/diariodominicano.com\/index.php?rest_route=\/wp\/v2\/posts\/155333","targetHints":{"allow":["GET"]}}],"collection":[{"href":"https:\/\/diariodominicano.com\/index.php?rest_route=\/wp\/v2\/posts"}],"about":[{"href":"https:\/\/diariodominicano.com\/index.php?rest_route=\/wp\/v2\/types\/post"}],"author":[{"embeddable":true,"href":"https:\/\/diariodominicano.com\/index.php?rest_route=\/wp\/v2\/users\/3"}],"replies":[{"embeddable":true,"href":"https:\/\/diariodominicano.com\/index.php?rest_route=%2Fwp%2Fv2%2Fcomments&post=155333"}],"version-history":[{"count":0,"href":"https:\/\/diariodominicano.com\/index.php?rest_route=\/wp\/v2\/posts\/155333\/revisions"}],"wp:attachment":[{"href":"https:\/\/diariodominicano.com\/index.php?rest_route=%2Fwp%2Fv2%2Fmedia&parent=155333"}],"wp:term":[{"taxonomy":"category","embeddable":true,"href":"https:\/\/diariodominicano.com\/index.php?rest_route=%2Fwp%2Fv2%2Fcategories&post=155333"},{"taxonomy":"post_tag","embeddable":true,"href":"https:\/\/diariodominicano.com\/index.php?rest_route=%2Fwp%2Fv2%2Ftags&post=155333"}],"curies":[{"name":"wp","href":"https:\/\/api.w.org\/{rel}","templated":true}]}}