{"id":155332,"date":"2010-11-22T20:29:37","date_gmt":"2010-11-22T20:29:37","guid":{"rendered":"http:\/\/diariodominicano.ddns.net\/?p=155332"},"modified":"2010-11-22T20:29:37","modified_gmt":"2010-11-22T20:29:37","slug":"procuraduria-y-jce-inician-programa-captacion-de-datos-biometricos-a-internos-en-los-ccrs","status":"publish","type":"post","link":"https:\/\/diariodominicano.com\/?p=155332","title":{"rendered":"Procuradur\u00eda y JCE inician programa captaci\u00f3n de datos biom\u00e9tricos a internos en los CCRs"},"content":{"rendered":"<p><body><\/p>\n<p><img decoding=\"async\" src=\"http:\/\/localhost:8080\/justiciayderecho\/img3\/procuraduria jce.JPG\" \/>  <\/p>\n<\/p>\n<p><span class=\"text1noticias\">LA ISLETA, Moca.-  La Procuradur\u00eda General de la Rep\u00fablica y la Junta Central Electoral iniciaron, en el Centro de Correcci\u00f3n y Rehabilitaci\u00f3n La Isleta, de Moca,  el proceso de captaci\u00f3n de datos biom\u00e9tricos para identificar a todos los internos del pa\u00eds, en busca de regular y controlar algunas falsedades que existen, ya que en algunos casos  poseen duplicidad de c\u00e9dulas.<\/span><\/p>\n<p><span class=\"text1noticias\"> <\/span><\/p>\n<p><span class=\"text1noticias\">El acto de inicio del proceso fue encabezado por el procurador general de la Rep\u00fablica, Radham\u00e9s Jim\u00e9nez Pe\u00f1a,  y el presidente de la JCE, Roberto Rosario M\u00e1rquez, quienes calificaron de trascendental la iniciativa.<\/span><\/p>\n<p><span class=\"text1noticias\"> <\/span><\/p>\n<p><span class=\"text1noticias\">Con la captaci\u00f3n de los datos existe la posibilidad de que las personas privadas de libertad de manera preventiva puedan ejercer el derecho al voto a partir de las pr\u00f3ximas elecciones del 2012.  El proyecto abarcar\u00e1 los 13 CCR del nuevo sistema y los dem\u00e1s recintos penales del pa\u00eds.<\/span><\/p>\n<\/p>\n<p><span class=\"text1noticias\">El novedoso programa permitir\u00e1,  adem\u00e1s,  fortalecer la base de datos de los organismos encargados de elaborar la pol\u00edtica criminal del Estado.<\/span><\/p>\n<p><span class=\"text1noticias\"> <\/span><\/p>\n<p><span class=\"text1noticias\">Tanto Jim\u00e9nez Pe\u00f1a como Rosario M\u00e1rquez coincidieron en que este tipo de medida es una muestra de que el pa\u00eds avanza en todos sentidos, para bien de la sociedad dominicana. Manifestaron que las personas privadas de su libertad, con estatus preventivos, tienen todos sus derechos a elegir y ser elegidos.<\/span><\/p>\n<p><span class=\"text1noticias\"> <\/span><\/p>\n<p><span class=\"text1noticias\">\u00abLos internos preventivos, despu\u00e9s que la Junta Central Electoral as\u00ed lo decida, podr\u00e1n ejercer su derecho al voto en las elecciones, y yo espero que con este proceso que se acaba de implementar, esa posibilidad es totalmente factible\u00bb, precis\u00f3 Jim\u00e9nez Pe\u00f1a.<\/span><\/p>\n<p><span class=\"text1noticias\"> <\/span><\/p>\n<p><span class=\"text1noticias\">Dijo que la Procuradur\u00eda y la JCE inician una alianza estrat\u00e9gica que permitir\u00e1 fortalecer los controles en cuanto a los datos reales de los internos, lo que ser\u00e1 de gran importancia para el Ministerio Publico.<\/span><\/p>\n<p><span class=\"text1noticias\"> <\/span><\/p>\n<p><span class=\"text1noticias\">Jim\u00e9nez Pe\u00f1a sostuvo que tener  datos confiables de las personas privadas de su libertad es una herramienta vital en la lucha contra el crimen organizado.<\/span><\/p>\n<p><span class=\"text1noticias\"> <\/span><\/p>\n<p><span class=\"text1noticias\">Sobre este particular, el magistrado procurador dijo que la medida es de gran ayuda, adem\u00e1s, debido a que un alto porcentaje de internos e internas carece de identidad, mientras que otros tienen duplicidad de identidad.<\/span><\/p>\n<p><span class=\"text1noticias\"> <\/span><\/p>\n<p><span class=\"text1noticias\">\u00abEsta herramienta abre la posibilidad de tener un archivo criminal confiable, y en consecuencia tener mayor control y poder reducir la brecha  de la criminalidad\u00bb, apunt\u00f3.<\/span><\/p>\n<\/p>\n<p><span class=\"text1noticias\">Agradeci\u00f3 al presidente de la JCE el esfuerzo realizado para lograr que se inicie la captaci\u00f3n de datos biom\u00e9tricos de los internos e internas del pa\u00eds.<\/span><\/p>\n<p><span class=\"text1noticias\"> <\/span><\/p>\n<p><span class=\"text1noticias\">En tanto que Rosario M\u00e1rquez, presidente de la JCE, dijo sentir gran satisfacci\u00f3n de poder aportar un granito de arena para que las autoridades obtengan una base de datos confiables de los internos e internas del pa\u00eds.<\/span><\/p>\n<p><span class=\"text1noticias\"> <\/span><\/p>\n<p><span class=\"text1noticias\">\u00abEstamos trabajando para transformar la JCE en una instituci\u00f3n de servicio p\u00fablico, para bien de la sociedad y el universo de todos los dominicanos\u00bb, precis\u00f3.<\/span><\/p>\n<p><span class=\"text1noticias\"> <\/span><\/p>\n<p><span class=\"text1noticias\">Destac\u00f3 que gracias a este proceso todas las personas privadas de su libertad, en calidad de preventivos, por primera vez podr\u00edan tener la posibilidad de ejercer el derecho al voto en las elecciones del 2012.<\/span><\/p>\n<p><span class=\"text1noticias\"> <\/span><\/p>\n<p><span class=\"text1noticias\">Rosario M\u00e1rquez explic\u00f3 que no se pudo realizar en las pasadas elecciones, debido a que no se contaba con la informaci\u00f3n necesaria y confiable.<\/span><\/p>\n<p><span class=\"text1noticias\"> <\/span><\/p>\n<p><span class=\"text1noticias\">Sostuvo que uno de los principales problemas que enfrenta la justicia en los procesos judiciales es determinar la verdadera identidad de algunos de los internos.<\/span><\/p>\n<\/p>\n<p><span class=\"text1noticias\">En este sentido, destac\u00f3 que cuando se termine el proceso de obtenci\u00f3n de datos de los ciudadanos privados de libertad, las autoridades podr\u00e1n saber de manera certera a qu\u00e9 persona est\u00e1n juzgando en los tribunales.<\/span><\/p>\n<p><span class=\"text1noticias\"> <\/span><\/p>\n<p><span class=\"text1noticias\">?Con este proceso nosotros lograremos que las autoridades puedan conocer de manera certera que la persona juzgada es la que realmente est\u00e1 implicada en el caso en cuesti\u00f3n?, precis\u00f3.<\/span><\/p>\n<p><span class=\"text1noticias\"> <\/span><\/p>\n<p><span class=\"text1noticias\">Elogi\u00f3 al magistrado Jim\u00e9nez Pe\u00f1a por haber logrado que por tres a\u00f1os consecutivos la Procuradur\u00eda haya sido seleccionada como la instituci\u00f3n m\u00e1s transparente de la administraci\u00f3n p\u00fablica.<\/span><\/p>\n<p><span class=\"text1noticias\"> <\/span><\/p>\n<p><span class=\"text1noticias\">Las palabras de apertura del acto estuvieron a cargo del comisionado de Justicia, Lino V\u00e1squez Samuel, quien valor\u00f3 la iniciativa de obtener los datos biom\u00e9tricos de los internos, por entender que es indispensable saber qui\u00e9n es qui\u00e9n en el sistema penitenciario.<\/span><\/p>\n<\/p>\n<p>A la actividad asistieron el juez de la JCE, C\u00e9sar Francisco Feliz; el gobernador de la provincia Espaillat, Jos\u00e9 Guillermo L\u00f3pez; el general del Ej\u00e9rcito Nacional, Rafael Liranzo, jefe de la Polic\u00eda Electoral, y Erickson Bobadilla, director del CCR La Isleta. Tambi\u00e9n,  asistieron procuradores adjuntos, fiscales y otros funcionarios de la JCE.<\/p>\n<\/p>\n<h6> 2010-11-22 20:29:37 <\/h6>\n<p><!--\n<link rel=\"stylesheet\" href=\"css\/bootstrap.min.css\">\n\n\n<ul class=\"pagination\">\n\t    \n\t\n\n<li >\n\t<a href='?page_no=30499'>Previous<\/a>\n\t<\/li>\n\n\n       \n    \n\n<li><a href='?page_no=1'>1<\/a><\/li>\n\n\n\n<li><a href='?page_no=2'>2<\/a><\/li>\n\n\n\n<li><a>...<\/a><\/li>\n\n\n\n<li><a href='?page_no=30498'>30498<\/a><\/li>\n\n\n\n<li><a href='?page_no=30499'>30499<\/a><\/li>\n\n\n\n<li class='active'><a>30500<\/a><\/li>\n\n\n\n<li><a href='?page_no=30501'>30501<\/a><\/li>\n\n\n\n<li><a href='?page_no=30502'>30502<\/a><\/li>\n\n\n\n<li><a>...<\/a><\/li>\n\n\n\n<li><a href='?page_no=31963'>31963<\/a><\/li>\n\n\n\n<li><a href='?page_no=31964'>31964<\/a><\/li>\n\n    \n\t\n\n<li >\n\t<a href='?page_no=30501'>Next<\/a>\n\t<\/li>\n\n\n    \n\n<li><a href='?page_no=31964'>Last &rsaquo;&rsaquo;<\/a><\/li>\n\n<\/ul>\n\n\n--><br \/>\n<\/body><\/p>\n","protected":false},"excerpt":{"rendered":"<p>LA ISLETA, Moca.- La Procuradur\u00eda General de la Rep\u00fablica y la Junta Central Electoral iniciaron, en el Centro de Correcci\u00f3n y Rehabilitaci\u00f3n La Isleta, de Moca, el proceso de captaci\u00f3n de datos biom\u00e9tricos para identificar a todos los internos del pa\u00eds, en busca de regular y controlar algunas falsedades que existen, ya que en algunos [&hellip;]<\/p>\n","protected":false},"author":3,"featured_media":0,"comment_status":"open","ping_status":"open","sticky":false,"template":"","format":"standard","meta":{"footnotes":""},"categories":[24],"tags":[],"class_list":["post-155332","post","type-post","status-publish","format-standard","hentry","category-justicia-y-derecho"],"_links":{"self":[{"href":"https:\/\/diariodominicano.com\/index.php?rest_route=\/wp\/v2\/posts\/155332","targetHints":{"allow":["GET"]}}],"collection":[{"href":"https:\/\/diariodominicano.com\/index.php?rest_route=\/wp\/v2\/posts"}],"about":[{"href":"https:\/\/diariodominicano.com\/index.php?rest_route=\/wp\/v2\/types\/post"}],"author":[{"embeddable":true,"href":"https:\/\/diariodominicano.com\/index.php?rest_route=\/wp\/v2\/users\/3"}],"replies":[{"embeddable":true,"href":"https:\/\/diariodominicano.com\/index.php?rest_route=%2Fwp%2Fv2%2Fcomments&post=155332"}],"version-history":[{"count":0,"href":"https:\/\/diariodominicano.com\/index.php?rest_route=\/wp\/v2\/posts\/155332\/revisions"}],"wp:attachment":[{"href":"https:\/\/diariodominicano.com\/index.php?rest_route=%2Fwp%2Fv2%2Fmedia&parent=155332"}],"wp:term":[{"taxonomy":"category","embeddable":true,"href":"https:\/\/diariodominicano.com\/index.php?rest_route=%2Fwp%2Fv2%2Fcategories&post=155332"},{"taxonomy":"post_tag","embeddable":true,"href":"https:\/\/diariodominicano.com\/index.php?rest_route=%2Fwp%2Fv2%2Ftags&post=155332"}],"curies":[{"name":"wp","href":"https:\/\/api.w.org\/{rel}","templated":true}]}}