{"id":155331,"date":"2010-11-22T20:34:49","date_gmt":"2010-11-22T20:34:49","guid":{"rendered":"http:\/\/diariodominicano.ddns.net\/?p=155331"},"modified":"2010-11-22T20:34:49","modified_gmt":"2010-11-22T20:34:49","slug":"retiran-acusacion-contra-empresarios-de-bancredito","status":"publish","type":"post","link":"https:\/\/diariodominicano.com\/?p=155331","title":{"rendered":"&#13;&#13;Retiran acusaci\u00f3n contra empresarios de Bancr\u00e9dito"},"content":{"rendered":"<p><body><\/p>\n<\/p>\n<p><span class=\"text1noticias\">Santo Domingo.- El Segundo Tribunal Colegiado del Distrito Nacional, acogi\u00f3 la solicitud de retirar la acusaci\u00f3n penal contra los empresarios  del Banco  Nacional de Cr\u00e9dito (Bancredito), Manuel Arturo Pellerano y Juan Felipe Mendoza G\u00f3mez quienes est\u00e1n acusados de violar la Ley 183-02 del C\u00f3digo Monetario, y guardan prisi\u00f3n en la c\u00e1rcel de Najayo. <\/span><\/p>\n<\/p>\n<p><span class=\"text1noticias\">El tribunal presidido por los jueces Ingrid Fern\u00e1ndez, Felipe Molina y Suinda Jazm\u00edn Brito acogieron el retiro de la acusaci\u00f3n por el acuerdo que firmaron las partes involucradas  del proceso poniendo fin la litis judicial.<\/span><\/p>\n<\/p>\n<p><span class=\"text1noticias\">El Ministerio P\u00fablico representado por el fiscal adjunto Otoniel Bonilla, y por la Direcci\u00f3n  Nacional de Persecuci\u00f3n de la Corrupci\u00f3n Administrativa (DPCA),  licenciado Narciso Esca\u00f1o Mart\u00ednez, estuvieron de acuerdo con la decisi\u00f3n de los jueces.<\/span><\/p>\n<\/p>\n<p><span class=\"text1noticias\">En el acuerdo se establece que el Grupo Pellerano asumi\u00f3 pagar 10.3 millones de pesos que invirti\u00f3 el Estado en asistencia de dicha empresa, por la crisis financiera en la que esta se vio envuelta.<\/span><\/p>\n<\/p>\n<p><span class=\"text1noticias\">En ese sentido el Grupo Pellerano y el Banco Central acordaron un plan de pago a 12 a\u00f1os para lo faltante que asciende a 3.6 millones de pesos, lo cual se fijo una cuota anual de 162 millones de pesos que se comenzar\u00e1 a pagar a partir del a\u00f1o 2012.<\/span><\/p>\n<\/p>\n<p><span class=\"text1noticias\">Dicho acuerdo estuvo firmado por el Banco Central, Pedro Silverio y Ervin Novas Bello, gerente general,  el subgerente, el gerente Lu\u00eds Andr\u00e9s Montes de Oca y  Rosangela de Lourdes Pellarano Pe\u00f1a, quien es tutor legal firmo por la familia Pellerano y  Francisco Alejandro Campo, es el tutor legal  por la familia de Mendoza G\u00f3mez, este acuerdo pone fin la judicial entre las partes.<\/span><\/p>\n<h6> 2010-11-22 20:34:49 <\/h6>\n<p><!--\n<link rel=\"stylesheet\" href=\"css\/bootstrap.min.css\">\n\n\n<ul class=\"pagination\">\n\t    \n\t\n\n<li >\n\t<a href='?page_no=30498'>Previous<\/a>\n\t<\/li>\n\n\n       \n    \n\n<li><a href='?page_no=1'>1<\/a><\/li>\n\n\n\n<li><a href='?page_no=2'>2<\/a><\/li>\n\n\n\n<li><a>...<\/a><\/li>\n\n\n\n<li><a href='?page_no=30497'>30497<\/a><\/li>\n\n\n\n<li><a href='?page_no=30498'>30498<\/a><\/li>\n\n\n\n<li class='active'><a>30499<\/a><\/li>\n\n\n\n<li><a href='?page_no=30500'>30500<\/a><\/li>\n\n\n\n<li><a href='?page_no=30501'>30501<\/a><\/li>\n\n\n\n<li><a>...<\/a><\/li>\n\n\n\n<li><a href='?page_no=31963'>31963<\/a><\/li>\n\n\n\n<li><a href='?page_no=31964'>31964<\/a><\/li>\n\n    \n\t\n\n<li >\n\t<a href='?page_no=30500'>Next<\/a>\n\t<\/li>\n\n\n    \n\n<li><a href='?page_no=31964'>Last &rsaquo;&rsaquo;<\/a><\/li>\n\n<\/ul>\n\n\n--><br \/>\n<\/body><\/p>\n","protected":false},"excerpt":{"rendered":"<p>Santo Domingo.- El Segundo Tribunal Colegiado del Distrito Nacional, acogi\u00f3 la solicitud de retirar la acusaci\u00f3n penal contra los empresarios del Banco Nacional de Cr\u00e9dito (Bancredito), Manuel Arturo Pellerano y Juan Felipe Mendoza G\u00f3mez quienes est\u00e1n acusados de violar la Ley 183-02 del C\u00f3digo Monetario, y guardan prisi\u00f3n en la c\u00e1rcel de Najayo. El tribunal [&hellip;]<\/p>\n","protected":false},"author":3,"featured_media":0,"comment_status":"open","ping_status":"open","sticky":false,"template":"","format":"standard","meta":{"footnotes":""},"categories":[24],"tags":[],"class_list":["post-155331","post","type-post","status-publish","format-standard","hentry","category-justicia-y-derecho"],"_links":{"self":[{"href":"https:\/\/diariodominicano.com\/index.php?rest_route=\/wp\/v2\/posts\/155331","targetHints":{"allow":["GET"]}}],"collection":[{"href":"https:\/\/diariodominicano.com\/index.php?rest_route=\/wp\/v2\/posts"}],"about":[{"href":"https:\/\/diariodominicano.com\/index.php?rest_route=\/wp\/v2\/types\/post"}],"author":[{"embeddable":true,"href":"https:\/\/diariodominicano.com\/index.php?rest_route=\/wp\/v2\/users\/3"}],"replies":[{"embeddable":true,"href":"https:\/\/diariodominicano.com\/index.php?rest_route=%2Fwp%2Fv2%2Fcomments&post=155331"}],"version-history":[{"count":0,"href":"https:\/\/diariodominicano.com\/index.php?rest_route=\/wp\/v2\/posts\/155331\/revisions"}],"wp:attachment":[{"href":"https:\/\/diariodominicano.com\/index.php?rest_route=%2Fwp%2Fv2%2Fmedia&parent=155331"}],"wp:term":[{"taxonomy":"category","embeddable":true,"href":"https:\/\/diariodominicano.com\/index.php?rest_route=%2Fwp%2Fv2%2Fcategories&post=155331"},{"taxonomy":"post_tag","embeddable":true,"href":"https:\/\/diariodominicano.com\/index.php?rest_route=%2Fwp%2Fv2%2Ftags&post=155331"}],"curies":[{"name":"wp","href":"https:\/\/api.w.org\/{rel}","templated":true}]}}