{"id":155330,"date":"2010-11-22T20:40:58","date_gmt":"2010-11-22T20:40:58","guid":{"rendered":"http:\/\/diariodominicano.ddns.net\/?p=155330"},"modified":"2010-11-22T20:40:58","modified_gmt":"2010-11-22T20:40:58","slug":"ministerio-de-salud-publica-confirma-el-cuarto-caso-de-colera","status":"publish","type":"post","link":"https:\/\/diariodominicano.com\/?p=155330","title":{"rendered":"&#13;Ministerio de Salud P\u00fablica confirma el cuarto caso de c\u00f3lera"},"content":{"rendered":"<p><body><\/p>\n<\/p>\n<p><span class=\"text1noticias\">Santo Domingo.- El ministro de Salud P\u00fablica confirm\u00f3 este lunes el cuarto caso de c\u00f3lera en el pa\u00eds. <\/span><\/p>\n<p><span class=\"text1noticias\">El doctor Bautista Rojas G\u00f3mez dijo que se trata de una joven dominicana de 20 a\u00f1os de edad, la cual reside en la provincia Santo Domingo.<\/span><\/p>\n<\/p>\n<p><span class=\"text1noticias\">Agreg\u00f3 que la joven  lleg\u00f3 el s\u00e1bado al hospital San Lorenzo de los Minas con los s\u00edntomas de la enfermedad y este lunes fue confirmado.<\/span><\/p>\n<\/p>\n<p><span class=\"text1noticias\"> Dijo sin embargo que la joven se encuentra en su casa donde se le est\u00e1 dando seguimiento. <\/span><\/p>\n<p><span class=\"text1noticias\">Las autoridades est\u00e1n realizando un levantamiento en el sector donde vive la afectada para determinar como se infect\u00f3.<\/span><\/p>\n<\/p>\n<p><span class=\"text1noticias\"> Rojas G\u00f3mez, explic\u00f3 que hasta el momento los casos confirmados han sido contra\u00eddos por la ingesta de alimentos.<\/span><\/p>\n<\/p>\n<p><span class=\"text1noticias\">Dijo adem\u00e1s, que se siguen reforzando las medidas preventivas y que hoy concluy\u00f3 la reuni\u00f3n del Comit\u00e9 Nacional contra el C\u00f3lera con una agenda de trabajo a desarrollar durante esta semana que incluye la distribuci\u00f3n por parte del Ministerio de Educaci\u00f3n de material instructivo en todas las escuelas del pa\u00eds.<\/span><\/p>\n<\/p>\n<p><span class=\"text1noticias\">Incluye tambi\u00e9n, una reuni\u00f3n con el Comit\u00e9 de Operaciones de Emergencia (Coe), y las Fuerzas Armadas, para precisar las nuevas medidas de contingencia que han sido tomadas, as\u00ed como con el Centro Bon\u00f3, y juntas de vecinos de Santo Domingo y el Distrito Nacional. <\/span><\/p>\n<\/p>\n<p><span class=\"text1noticias\">Dijo que todas estas actividades concluir\u00e1n con una gran jornada nacional con la participaci\u00f3n del Colegio Medico, Dominicano, la OPS, las Fuerzas Armadas, los ayuntamientos, el Consejo Nacional de Empresas Privadas (Conep), y estudiantes de salud publica de todas las universidades.<\/span><\/p>\n<h6> 2010-11-22 20:40:58 <\/h6>\n<p><!--\n<link rel=\"stylesheet\" href=\"css\/bootstrap.min.css\">\n\n\n<ul class=\"pagination\">\n\t    \n\t\n\n<li >\n\t<a href='?page_no=30497'>Previous<\/a>\n\t<\/li>\n\n\n       \n    \n\n<li><a href='?page_no=1'>1<\/a><\/li>\n\n\n\n<li><a href='?page_no=2'>2<\/a><\/li>\n\n\n\n<li><a>...<\/a><\/li>\n\n\n\n<li><a href='?page_no=30496'>30496<\/a><\/li>\n\n\n\n<li><a href='?page_no=30497'>30497<\/a><\/li>\n\n\n\n<li class='active'><a>30498<\/a><\/li>\n\n\n\n<li><a href='?page_no=30499'>30499<\/a><\/li>\n\n\n\n<li><a href='?page_no=30500'>30500<\/a><\/li>\n\n\n\n<li><a>...<\/a><\/li>\n\n\n\n<li><a href='?page_no=31963'>31963<\/a><\/li>\n\n\n\n<li><a href='?page_no=31964'>31964<\/a><\/li>\n\n    \n\t\n\n<li >\n\t<a href='?page_no=30499'>Next<\/a>\n\t<\/li>\n\n\n    \n\n<li><a href='?page_no=31964'>Last &rsaquo;&rsaquo;<\/a><\/li>\n\n<\/ul>\n\n\n--><br \/>\n<\/body><\/p>\n","protected":false},"excerpt":{"rendered":"<p>Santo Domingo.- El ministro de Salud P\u00fablica confirm\u00f3 este lunes el cuarto caso de c\u00f3lera en el pa\u00eds. El doctor Bautista Rojas G\u00f3mez dijo que se trata de una joven dominicana de 20 a\u00f1os de edad, la cual reside en la provincia Santo Domingo. Agreg\u00f3 que la joven lleg\u00f3 el s\u00e1bado al hospital San Lorenzo [&hellip;]<\/p>\n","protected":false},"author":3,"featured_media":0,"comment_status":"open","ping_status":"open","sticky":false,"template":"","format":"standard","meta":{"footnotes":""},"categories":[24],"tags":[],"class_list":["post-155330","post","type-post","status-publish","format-standard","hentry","category-justicia-y-derecho"],"_links":{"self":[{"href":"https:\/\/diariodominicano.com\/index.php?rest_route=\/wp\/v2\/posts\/155330","targetHints":{"allow":["GET"]}}],"collection":[{"href":"https:\/\/diariodominicano.com\/index.php?rest_route=\/wp\/v2\/posts"}],"about":[{"href":"https:\/\/diariodominicano.com\/index.php?rest_route=\/wp\/v2\/types\/post"}],"author":[{"embeddable":true,"href":"https:\/\/diariodominicano.com\/index.php?rest_route=\/wp\/v2\/users\/3"}],"replies":[{"embeddable":true,"href":"https:\/\/diariodominicano.com\/index.php?rest_route=%2Fwp%2Fv2%2Fcomments&post=155330"}],"version-history":[{"count":0,"href":"https:\/\/diariodominicano.com\/index.php?rest_route=\/wp\/v2\/posts\/155330\/revisions"}],"wp:attachment":[{"href":"https:\/\/diariodominicano.com\/index.php?rest_route=%2Fwp%2Fv2%2Fmedia&parent=155330"}],"wp:term":[{"taxonomy":"category","embeddable":true,"href":"https:\/\/diariodominicano.com\/index.php?rest_route=%2Fwp%2Fv2%2Fcategories&post=155330"},{"taxonomy":"post_tag","embeddable":true,"href":"https:\/\/diariodominicano.com\/index.php?rest_route=%2Fwp%2Fv2%2Ftags&post=155330"}],"curies":[{"name":"wp","href":"https:\/\/api.w.org\/{rel}","templated":true}]}}