{"id":155329,"date":"2010-11-22T20:55:08","date_gmt":"2010-11-22T20:55:08","guid":{"rendered":"http:\/\/diariodominicano.ddns.net\/?p=155329"},"modified":"2010-11-22T20:55:08","modified_gmt":"2010-11-22T20:55:08","slug":"jce-dispone-que-tercero-soliciten-declaraciones-tardias","status":"publish","type":"post","link":"https:\/\/diariodominicano.com\/?p=155329","title":{"rendered":"&#13;&#13;JCE dispone que  tercero soliciten declaraciones tard\u00edas"},"content":{"rendered":"<p><body><\/p>\n<\/p>\n<p><span class=\"text1noticias\">Santo Domingo.- El Pleno de la Junta Central Electoral -JCE- dio a conocer las condiciones que deben primar al momento en que una tercera persona solicite declaraciones tard\u00edas de nacimiento para personas que carecen de este documento. <\/span><\/p>\n<\/p>\n<p><span class=\"text1noticias\">Mediante Resoluci\u00f3n N\u00famero 75-2010, firmada por el doctor Roberto Rosario M\u00e1rquez y dem\u00e1s integrantes  del m\u00e1ximo organismo de la Junta Central Electoral, se   autoriz\u00f3 al Director Nacional de Registro del Estado Civil, para que  reciba de la Unidad Central de Declaraciones Tard\u00edas de Nacimiento los casos de personas mayores de 16 a\u00f1os y a los Oficiales del Estado Civil las solicitudes de los  menores de 16 a\u00f1os, para que de inmediato procedan a su evaluaci\u00f3n, depuraci\u00f3n y posterior autorizaci\u00f3n si resultan procedentes.<\/span><\/p>\n<\/p>\n<p><span class=\"text1noticias\">El documento de la JCE explica que las solicitudes para estas declaraciones a trav\u00e9s de terceros deben ser entregadas preferiblemente por un familiar del futuro inscrito  en raz\u00f3n de que la madre o ambos padres est\u00e1n imposibilitados de hacerlo.<\/span><\/p>\n<\/p>\n<p><span class=\"text1noticias\">Dentro de las imposibilidades permitidas y que justifiquen la asistencia de una tercera persona, la JCE indica que en el caso de hijos de madres que hayan fallecidos, padezcan de discapacidad mental o f\u00edsica que le impidan trasladarse a la Oficial\u00eda del Estado Civil o que se desconozca su paradero.<\/span><\/p>\n<\/p>\n<p><span class=\"text1noticias\">La resoluci\u00f3n cita adem\u00e1s que la madre viva en el extranjero que se le haga imposible regresar a territorio dominicano o que carezca de C\u00e9dula de Identidad y Electoral, pero posee C\u00e9dula de Identificaci\u00f3n Personal expedida sin acta de nacimiento, sin estar declarada, o que a\u00fan estando declarada, se encuentra imposibilitada para asistir a un Centro de Cedulaci\u00f3n a renovar su carnet de C\u00e9dula de Identidad Personal.  <\/span><\/p>\n<\/p>\n<p><span class=\"text1noticias\">La JCE explica que a\u00fan dando estas facilidades para entregar a estas personas sus  actas de nacimientos tard\u00edas  los expedientes deben ser remitidos  a la Direcci\u00f3n Nacional de Registro del Estado Civil debidamente instrumentados conforme a la documentaci\u00f3n requerida a tales fines por la Ley No.659 sobre Actos del Estado Civil de fecha 17 de julio del 1944, dem\u00e1s disposiciones legales sobre la materia, y la Resoluci\u00f3n No.7-2003, de fecha 17 de noviembre del 2003, de esta Junta Central Electoral (en el caso de los mayores de 16 a\u00f1os).<\/span><\/p>\n<\/p>\n<p><span class=\"text1noticias\">En caso de que la solicitud sea improcedente, la Direcci\u00f3n Nacional de Registro del Estado Civil, devolver\u00e1 el expediente a la Unidad Central de Declaraciones Tard\u00edas de Nacimiento o al(a) Oficial del Estado Civil correspondiente, mediante oficio en el que se especificar\u00e1 la raz\u00f3n que fundamenta su rechazo.<\/span><\/p>\n<\/p>\n<p><span class=\"text1noticias\">La Resoluci\u00f3n 75-2010   est\u00e1  firmada adem\u00e1s del Presidente Rosario M\u00e1rquez, por   los miembros titulares, magistrados Rosario Graciano de los Santos Jos\u00e9 \u00c1ngel Aquino Rodr\u00edguez, C\u00e9sar Francisco Feliz Feliz,  Eddy de Jes\u00fas Olivares, Y el secretario  general  Ram\u00f3n Hilario Espi\u00f1eira Ceballos.<\/span><\/p>\n<\/p>\n<p><span class=\"text1noticias\">El Pleno de la Junta Central Electoral justific\u00f3 esta resoluci\u00f3n amparado en varias leyes que le autorizan a este tipo de iniciativa y citan  el art\u00edculo 312 del C\u00f3digo Civil Dominicano, art\u00edculo 43 de la Ley No. 659 sobre Actos del Estado Civil y la Resoluci\u00f3n No. 07\/2003 sobre Declaraciones Tard\u00edas de Personas Mayores de Diecis\u00e9is a\u00f1os de edad, de fecha 17 de noviembre del 2003, de esa Instituci\u00f3n.<\/span><\/p>\n<\/p>\n<h6> 2010-11-22 20:55:08 <\/h6>\n<p><!--\n<link rel=\"stylesheet\" href=\"css\/bootstrap.min.css\">\n\n\n<ul class=\"pagination\">\n\t    \n\t\n\n<li >\n\t<a href='?page_no=30496'>Previous<\/a>\n\t<\/li>\n\n\n       \n    \n\n<li><a href='?page_no=1'>1<\/a><\/li>\n\n\n\n<li><a href='?page_no=2'>2<\/a><\/li>\n\n\n\n<li><a>...<\/a><\/li>\n\n\n\n<li><a href='?page_no=30495'>30495<\/a><\/li>\n\n\n\n<li><a href='?page_no=30496'>30496<\/a><\/li>\n\n\n\n<li class='active'><a>30497<\/a><\/li>\n\n\n\n<li><a href='?page_no=30498'>30498<\/a><\/li>\n\n\n\n<li><a href='?page_no=30499'>30499<\/a><\/li>\n\n\n\n<li><a>...<\/a><\/li>\n\n\n\n<li><a href='?page_no=31963'>31963<\/a><\/li>\n\n\n\n<li><a href='?page_no=31964'>31964<\/a><\/li>\n\n    \n\t\n\n<li >\n\t<a href='?page_no=30498'>Next<\/a>\n\t<\/li>\n\n\n    \n\n<li><a href='?page_no=31964'>Last &rsaquo;&rsaquo;<\/a><\/li>\n\n<\/ul>\n\n\n--><br \/>\n<\/body><\/p>\n","protected":false},"excerpt":{"rendered":"<p>Santo Domingo.- El Pleno de la Junta Central Electoral -JCE- dio a conocer las condiciones que deben primar al momento en que una tercera persona solicite declaraciones tard\u00edas de nacimiento para personas que carecen de este documento. Mediante Resoluci\u00f3n N\u00famero 75-2010, firmada por el doctor Roberto Rosario M\u00e1rquez y dem\u00e1s integrantes del m\u00e1ximo organismo de [&hellip;]<\/p>\n","protected":false},"author":3,"featured_media":0,"comment_status":"open","ping_status":"open","sticky":false,"template":"","format":"standard","meta":{"footnotes":""},"categories":[24],"tags":[],"class_list":["post-155329","post","type-post","status-publish","format-standard","hentry","category-justicia-y-derecho"],"_links":{"self":[{"href":"https:\/\/diariodominicano.com\/index.php?rest_route=\/wp\/v2\/posts\/155329","targetHints":{"allow":["GET"]}}],"collection":[{"href":"https:\/\/diariodominicano.com\/index.php?rest_route=\/wp\/v2\/posts"}],"about":[{"href":"https:\/\/diariodominicano.com\/index.php?rest_route=\/wp\/v2\/types\/post"}],"author":[{"embeddable":true,"href":"https:\/\/diariodominicano.com\/index.php?rest_route=\/wp\/v2\/users\/3"}],"replies":[{"embeddable":true,"href":"https:\/\/diariodominicano.com\/index.php?rest_route=%2Fwp%2Fv2%2Fcomments&post=155329"}],"version-history":[{"count":0,"href":"https:\/\/diariodominicano.com\/index.php?rest_route=\/wp\/v2\/posts\/155329\/revisions"}],"wp:attachment":[{"href":"https:\/\/diariodominicano.com\/index.php?rest_route=%2Fwp%2Fv2%2Fmedia&parent=155329"}],"wp:term":[{"taxonomy":"category","embeddable":true,"href":"https:\/\/diariodominicano.com\/index.php?rest_route=%2Fwp%2Fv2%2Fcategories&post=155329"},{"taxonomy":"post_tag","embeddable":true,"href":"https:\/\/diariodominicano.com\/index.php?rest_route=%2Fwp%2Fv2%2Ftags&post=155329"}],"curies":[{"name":"wp","href":"https:\/\/api.w.org\/{rel}","templated":true}]}}