{"id":155327,"date":"2010-11-22T21:23:41","date_gmt":"2010-11-22T21:23:41","guid":{"rendered":"http:\/\/diariodominicano.ddns.net\/?p=155327"},"modified":"2010-11-22T21:23:41","modified_gmt":"2010-11-22T21:23:41","slug":"defensa-de-eddy-brito-fija-posicion-en-torno-a-posible-pedido-de-extradicion","status":"publish","type":"post","link":"https:\/\/diariodominicano.com\/?p=155327","title":{"rendered":"Defensa de Eddy Brito fija posici\u00f3n en torno a posible pedido de extradici\u00f3n"},"content":{"rendered":"<p><body><\/p>\n<p><img decoding=\"async\" src=\"http:\/\/localhost:8080\/justiciayderecho\/img3\/eddy-brito.jpg\" \/>  <\/p>\n<\/p>\n<p><span class=\"text1noticias\">Santo Domingo.-La defensa de Eddy Brito dijo hoy que en caso que las autoridades de Puerto Rico soliciten la extradici\u00f3n de su defendido, el Ministerio P\u00fablico tendr\u00eda que desistir de la acusaci\u00f3n formulada en su contra en el pa\u00eds por lavado de activos.<\/span><\/p>\n<\/p>\n<p><span class=\"text1noticias\">El abogado Luis Aybar dijo  confiar que  Eddy Brito, implicado en la red de  narcotr\u00e1fico de Figueroa Agosto, saldr\u00eda airoso por entender que es inocente.<\/span><\/p>\n<\/p>\n<p><span class=\"text1noticias\">Dijo que primero tiene que verse qu\u00e9 m\u00e9rito tiene el pedido de extradici\u00f3n y qu\u00e9 pruebas hay en su contra, tras se\u00f1alar que ya el procedimiento de extradici\u00f3n no es autom\u00e1tico que solicitan en extradici\u00f3n y lo env\u00edan.<\/span><\/p>\n<\/p>\n<p><span class=\"text1noticias\">Sostuvo que un pedido de un Estado requiriente tiene que ir acompa\u00f1ado de las pruebas que justifican ante la Suprema Corte de Justicia que \u00e9l sea entregado en extradici\u00f3n.   <\/span><\/p>\n<\/p>\n<p><span class=\"text1noticias\">Manifest\u00f3 que si deciden juzgar a Eddy Brito en Puerto Rico las autoridades de ese pa\u00eds no estar\u00e1n condicionadas por la campa\u00f1a medi\u00e1tica que tiene la justicia dominicana en torno al expediente de Figueroa Agosto.<\/span><\/p>\n<\/p>\n<p><span class=\"text1noticias\">Sostuvo que en caso de que a su defendido se le haya formulado cargo por narcotr\u00e1fico y lavado de activos en Puerto Rico,  el mismo ser\u00eda descargado de toda responsabilidad penal por entender que es inocente de los cargos que le imputan.<\/span><\/p>\n<\/p>\n<p><span class=\"text1noticias\">A Eddy Brito se le acusa en el pa\u00eds de lavado de activos por supuestamente comprar una compa\u00f1\u00eda de carpeta que favorecer\u00eda al capo boricua Figueroa Agosto y de una residencia ubicada en Arroyo Hondo, valorada en casi un mill\u00f3n de d\u00f3lares, que luego traspas\u00f3 a Mary Pel\u00e1ez por m\u00e1s de 10 millones de pesos.<\/span><\/p>\n<\/p>\n<h6> 2010-11-22 21:23:41 <\/h6>\n<p><!--\n<link rel=\"stylesheet\" href=\"css\/bootstrap.min.css\">\n\n\n<ul class=\"pagination\">\n\t    \n\t\n\n<li >\n\t<a href='?page_no=30494'>Previous<\/a>\n\t<\/li>\n\n\n       \n    \n\n<li><a href='?page_no=1'>1<\/a><\/li>\n\n\n\n<li><a href='?page_no=2'>2<\/a><\/li>\n\n\n\n<li><a>...<\/a><\/li>\n\n\n\n<li><a href='?page_no=30493'>30493<\/a><\/li>\n\n\n\n<li><a href='?page_no=30494'>30494<\/a><\/li>\n\n\n\n<li class='active'><a>30495<\/a><\/li>\n\n\n\n<li><a href='?page_no=30496'>30496<\/a><\/li>\n\n\n\n<li><a href='?page_no=30497'>30497<\/a><\/li>\n\n\n\n<li><a>...<\/a><\/li>\n\n\n\n<li><a href='?page_no=31963'>31963<\/a><\/li>\n\n\n\n<li><a href='?page_no=31964'>31964<\/a><\/li>\n\n    \n\t\n\n<li >\n\t<a href='?page_no=30496'>Next<\/a>\n\t<\/li>\n\n\n    \n\n<li><a href='?page_no=31964'>Last &rsaquo;&rsaquo;<\/a><\/li>\n\n<\/ul>\n\n\n--><br \/>\n<\/body><\/p>\n","protected":false},"excerpt":{"rendered":"<p>Santo Domingo.-La defensa de Eddy Brito dijo hoy que en caso que las autoridades de Puerto Rico soliciten la extradici\u00f3n de su defendido, el Ministerio P\u00fablico tendr\u00eda que desistir de la acusaci\u00f3n formulada en su contra en el pa\u00eds por lavado de activos. El abogado Luis Aybar dijo confiar que Eddy Brito, implicado en la [&hellip;]<\/p>\n","protected":false},"author":3,"featured_media":0,"comment_status":"open","ping_status":"open","sticky":false,"template":"","format":"standard","meta":{"footnotes":""},"categories":[24],"tags":[],"class_list":["post-155327","post","type-post","status-publish","format-standard","hentry","category-justicia-y-derecho"],"_links":{"self":[{"href":"https:\/\/diariodominicano.com\/index.php?rest_route=\/wp\/v2\/posts\/155327","targetHints":{"allow":["GET"]}}],"collection":[{"href":"https:\/\/diariodominicano.com\/index.php?rest_route=\/wp\/v2\/posts"}],"about":[{"href":"https:\/\/diariodominicano.com\/index.php?rest_route=\/wp\/v2\/types\/post"}],"author":[{"embeddable":true,"href":"https:\/\/diariodominicano.com\/index.php?rest_route=\/wp\/v2\/users\/3"}],"replies":[{"embeddable":true,"href":"https:\/\/diariodominicano.com\/index.php?rest_route=%2Fwp%2Fv2%2Fcomments&post=155327"}],"version-history":[{"count":0,"href":"https:\/\/diariodominicano.com\/index.php?rest_route=\/wp\/v2\/posts\/155327\/revisions"}],"wp:attachment":[{"href":"https:\/\/diariodominicano.com\/index.php?rest_route=%2Fwp%2Fv2%2Fmedia&parent=155327"}],"wp:term":[{"taxonomy":"category","embeddable":true,"href":"https:\/\/diariodominicano.com\/index.php?rest_route=%2Fwp%2Fv2%2Fcategories&post=155327"},{"taxonomy":"post_tag","embeddable":true,"href":"https:\/\/diariodominicano.com\/index.php?rest_route=%2Fwp%2Fv2%2Ftags&post=155327"}],"curies":[{"name":"wp","href":"https:\/\/api.w.org\/{rel}","templated":true}]}}