{"id":155326,"date":"2010-11-22T21:27:21","date_gmt":"2010-11-22T21:27:21","guid":{"rendered":"http:\/\/diariodominicano.ddns.net\/?p=155326"},"modified":"2010-11-22T21:27:21","modified_gmt":"2010-11-22T21:27:21","slug":"jorge-blanco-sigue-grave-pero-estable","status":"publish","type":"post","link":"https:\/\/diariodominicano.com\/?p=155326","title":{"rendered":"Jorge Blanco sigue grave, pero estable"},"content":{"rendered":"<p><body><\/p>\n<\/p>\n<p><span class=\"text1noticias\">Santo Domingo.-La condici\u00f3n de salud del ex presidente de la Rep\u00fablica, Salvador Jorge Blanco no ha variado y sigue \u00abmuy grave\u00bb, seg\u00fan el parte m\u00e9dico ofrecido esta tarde, el cual indica que, dentro de su estado est\u00e1 estable.<\/span><\/p>\n<\/p>\n<p><span class=\"text1noticias\">Afirm\u00f3 que el paciente fue sometido a una nueva tomograf\u00eda de cr\u00e1neo en la que no se encontr\u00f3 evidencia de nuevo sangrado, pero que persiste un edema cerebral \u00abmuy importante\u00bb.<\/span><\/p>\n<\/p>\n<p><span class=\"text1noticias\">Se\u00f1ala que el ex presidente se mantuvo estable durante la noche de ayer sin cambios cl\u00ednicos relevantes.<\/span><\/p>\n<p><span class=\"text1noticias\">\u00abSu condici\u00f3n no ha variado, sigue muy grave, pero estable y el pron\u00f3stico es reservado\u00bb, indica el parte m\u00e9dico.<\/span><\/p>\n<\/p>\n<p><span class=\"text1noticias\">Jorge Blanco se mantiene en estado de coma en la Unidad de Cuidados intensivos de la Cl\u00ednica de Medicina Avanzada Abel Gonz\u00e1lez, donde permanecen sus familiares a la espera de la evoluci\u00f3n de su pariente.<\/span><\/p>\n<\/p>\n<h6> 2010-11-22 21:27:21 <\/h6>\n<p><!--\n<link rel=\"stylesheet\" href=\"css\/bootstrap.min.css\">\n\n\n<ul class=\"pagination\">\n\t    \n\t\n\n<li >\n\t<a href='?page_no=30493'>Previous<\/a>\n\t<\/li>\n\n\n       \n    \n\n<li><a href='?page_no=1'>1<\/a><\/li>\n\n\n\n<li><a href='?page_no=2'>2<\/a><\/li>\n\n\n\n<li><a>...<\/a><\/li>\n\n\n\n<li><a href='?page_no=30492'>30492<\/a><\/li>\n\n\n\n<li><a href='?page_no=30493'>30493<\/a><\/li>\n\n\n\n<li class='active'><a>30494<\/a><\/li>\n\n\n\n<li><a href='?page_no=30495'>30495<\/a><\/li>\n\n\n\n<li><a href='?page_no=30496'>30496<\/a><\/li>\n\n\n\n<li><a>...<\/a><\/li>\n\n\n\n<li><a href='?page_no=31963'>31963<\/a><\/li>\n\n\n\n<li><a href='?page_no=31964'>31964<\/a><\/li>\n\n    \n\t\n\n<li >\n\t<a href='?page_no=30495'>Next<\/a>\n\t<\/li>\n\n\n    \n\n<li><a href='?page_no=31964'>Last &rsaquo;&rsaquo;<\/a><\/li>\n\n<\/ul>\n\n\n--><br \/>\n<\/body><\/p>\n","protected":false},"excerpt":{"rendered":"<p>Santo Domingo.-La condici\u00f3n de salud del ex presidente de la Rep\u00fablica, Salvador Jorge Blanco no ha variado y sigue \u00abmuy grave\u00bb, seg\u00fan el parte m\u00e9dico ofrecido esta tarde, el cual indica que, dentro de su estado est\u00e1 estable. Afirm\u00f3 que el paciente fue sometido a una nueva tomograf\u00eda de cr\u00e1neo en la que no se [&hellip;]<\/p>\n","protected":false},"author":3,"featured_media":0,"comment_status":"open","ping_status":"open","sticky":false,"template":"","format":"standard","meta":{"footnotes":""},"categories":[24],"tags":[],"class_list":["post-155326","post","type-post","status-publish","format-standard","hentry","category-justicia-y-derecho"],"_links":{"self":[{"href":"https:\/\/diariodominicano.com\/index.php?rest_route=\/wp\/v2\/posts\/155326","targetHints":{"allow":["GET"]}}],"collection":[{"href":"https:\/\/diariodominicano.com\/index.php?rest_route=\/wp\/v2\/posts"}],"about":[{"href":"https:\/\/diariodominicano.com\/index.php?rest_route=\/wp\/v2\/types\/post"}],"author":[{"embeddable":true,"href":"https:\/\/diariodominicano.com\/index.php?rest_route=\/wp\/v2\/users\/3"}],"replies":[{"embeddable":true,"href":"https:\/\/diariodominicano.com\/index.php?rest_route=%2Fwp%2Fv2%2Fcomments&post=155326"}],"version-history":[{"count":0,"href":"https:\/\/diariodominicano.com\/index.php?rest_route=\/wp\/v2\/posts\/155326\/revisions"}],"wp:attachment":[{"href":"https:\/\/diariodominicano.com\/index.php?rest_route=%2Fwp%2Fv2%2Fmedia&parent=155326"}],"wp:term":[{"taxonomy":"category","embeddable":true,"href":"https:\/\/diariodominicano.com\/index.php?rest_route=%2Fwp%2Fv2%2Fcategories&post=155326"},{"taxonomy":"post_tag","embeddable":true,"href":"https:\/\/diariodominicano.com\/index.php?rest_route=%2Fwp%2Fv2%2Ftags&post=155326"}],"curies":[{"name":"wp","href":"https:\/\/api.w.org\/{rel}","templated":true}]}}