{"id":155325,"date":"2010-11-22T21:39:06","date_gmt":"2010-11-22T21:39:06","guid":{"rendered":"http:\/\/diariodominicano.ddns.net\/?p=155325"},"modified":"2010-11-22T21:39:06","modified_gmt":"2010-11-22T21:39:06","slug":"presidente-fernandez-asistira-este-martes-a-3-actos-en-santiago","status":"publish","type":"post","link":"https:\/\/diariodominicano.com\/?p=155325","title":{"rendered":"Presidente Fern\u00e1ndez asistir\u00e1 este martes a 3 actos en Santiago"},"content":{"rendered":"<p><body><\/p>\n<p><img decoding=\"async\" src=\"http:\/\/localhost:8080\/justiciayderecho\/img3\/Leonel Fernandez R, Pte.jpg\" \/>  <\/p>\n<\/p>\n<p><span class=\"text1noticias\">Santiago.- Con la asistencia del presidente Leonel Fern\u00e1ndez, la Asociaci\u00f3n de Industrias de la Regi\u00f3n Norte celebrar\u00e1 este martes el 25 aniversario de la instituci\u00f3n con un almuerzo-conferencia.<\/span><\/p>\n<\/p>\n<p><span class=\"text1noticias\">El evento se desarrollar\u00e1 a partir del mediod\u00eda en el hotel Gran Almirante, del municipio cabecera de Santiago.<\/span><\/p>\n<\/p>\n<p><span class=\"text1noticias\">Asimismo, el Mandatario dominicano estar\u00e1 a las cuatro de la tarde en el sector de La Herradura, en donde dar\u00e1 el picazo de honor para la construcci\u00f3n del Centro de Educaci\u00f3n T\u00e9cnica \u00abHu\u00e1scar Rodr\u00edguez\u00bb.<\/span><\/p>\n<\/p>\n<p><span class=\"text1noticias\">Este acto ser\u00e1 en la Universidad ISA, ubicado en la avenida Antonio Guzm\u00e1n Fern\u00e1ndez, en el kil\u00f3metro 5 y medio de La Herradura.<\/span><\/p>\n<\/p>\n<p><span class=\"text1noticias\">Tambi\u00e9n el presidente Fern\u00e1ndez Reyna asistir\u00e1 a las cinco de la tarde de este martes a la inauguraci\u00f3n de las instalaciones de Pinturas Tuc\u00e1n, en el kil\u00f3metro 17 del tramo La Vega-Santiago-La Prenda.<\/span><\/p>\n<\/p>\n<\/p>\n<h6> 2010-11-22 21:39:06 <\/h6>\n<p><!--\n<link rel=\"stylesheet\" href=\"css\/bootstrap.min.css\">\n\n\n<ul class=\"pagination\">\n\t    \n\t\n\n<li >\n\t<a href='?page_no=30492'>Previous<\/a>\n\t<\/li>\n\n\n       \n    \n\n<li><a href='?page_no=1'>1<\/a><\/li>\n\n\n\n<li><a href='?page_no=2'>2<\/a><\/li>\n\n\n\n<li><a>...<\/a><\/li>\n\n\n\n<li><a href='?page_no=30491'>30491<\/a><\/li>\n\n\n\n<li><a href='?page_no=30492'>30492<\/a><\/li>\n\n\n\n<li class='active'><a>30493<\/a><\/li>\n\n\n\n<li><a href='?page_no=30494'>30494<\/a><\/li>\n\n\n\n<li><a href='?page_no=30495'>30495<\/a><\/li>\n\n\n\n<li><a>...<\/a><\/li>\n\n\n\n<li><a href='?page_no=31963'>31963<\/a><\/li>\n\n\n\n<li><a href='?page_no=31964'>31964<\/a><\/li>\n\n    \n\t\n\n<li >\n\t<a href='?page_no=30494'>Next<\/a>\n\t<\/li>\n\n\n    \n\n<li><a href='?page_no=31964'>Last &rsaquo;&rsaquo;<\/a><\/li>\n\n<\/ul>\n\n\n--><br \/>\n<\/body><\/p>\n","protected":false},"excerpt":{"rendered":"<p>Santiago.- Con la asistencia del presidente Leonel Fern\u00e1ndez, la Asociaci\u00f3n de Industrias de la Regi\u00f3n Norte celebrar\u00e1 este martes el 25 aniversario de la instituci\u00f3n con un almuerzo-conferencia. El evento se desarrollar\u00e1 a partir del mediod\u00eda en el hotel Gran Almirante, del municipio cabecera de Santiago. Asimismo, el Mandatario dominicano estar\u00e1 a las cuatro de [&hellip;]<\/p>\n","protected":false},"author":3,"featured_media":0,"comment_status":"open","ping_status":"open","sticky":false,"template":"","format":"standard","meta":{"footnotes":""},"categories":[24],"tags":[],"class_list":["post-155325","post","type-post","status-publish","format-standard","hentry","category-justicia-y-derecho"],"_links":{"self":[{"href":"https:\/\/diariodominicano.com\/index.php?rest_route=\/wp\/v2\/posts\/155325","targetHints":{"allow":["GET"]}}],"collection":[{"href":"https:\/\/diariodominicano.com\/index.php?rest_route=\/wp\/v2\/posts"}],"about":[{"href":"https:\/\/diariodominicano.com\/index.php?rest_route=\/wp\/v2\/types\/post"}],"author":[{"embeddable":true,"href":"https:\/\/diariodominicano.com\/index.php?rest_route=\/wp\/v2\/users\/3"}],"replies":[{"embeddable":true,"href":"https:\/\/diariodominicano.com\/index.php?rest_route=%2Fwp%2Fv2%2Fcomments&post=155325"}],"version-history":[{"count":0,"href":"https:\/\/diariodominicano.com\/index.php?rest_route=\/wp\/v2\/posts\/155325\/revisions"}],"wp:attachment":[{"href":"https:\/\/diariodominicano.com\/index.php?rest_route=%2Fwp%2Fv2%2Fmedia&parent=155325"}],"wp:term":[{"taxonomy":"category","embeddable":true,"href":"https:\/\/diariodominicano.com\/index.php?rest_route=%2Fwp%2Fv2%2Fcategories&post=155325"},{"taxonomy":"post_tag","embeddable":true,"href":"https:\/\/diariodominicano.com\/index.php?rest_route=%2Fwp%2Fv2%2Ftags&post=155325"}],"curies":[{"name":"wp","href":"https:\/\/api.w.org\/{rel}","templated":true}]}}