{"id":155324,"date":"2010-11-22T21:50:53","date_gmt":"2010-11-22T21:50:53","guid":{"rendered":"http:\/\/diariodominicano.ddns.net\/?p=155324"},"modified":"2010-11-22T21:50:53","modified_gmt":"2010-11-22T21:50:53","slug":"policia-apresa-y-somete-a-tres-hombres-por-ocasionar-heridas-a-dos-personas","status":"publish","type":"post","link":"https:\/\/diariodominicano.com\/?p=155324","title":{"rendered":"Polic\u00eda apresa y somete a tres hombres por ocasionar heridas a dos personas.&#13;"},"content":{"rendered":"<p><body><\/p>\n<p><img decoding=\"async\" src=\"http:\/\/localhost:8080\/justiciayderecho\/img3\/Diandy.JPG\" \/><br \/><img decoding=\"async\" src=\"http:\/\/localhost:8080\/justiciayderecho\/img3\/Rey.JPG\" \/><br \/><img decoding=\"async\" src=\"http:\/\/localhost:8080\/justiciayderecho\/img3\/Napoles.JPG\" \/>  <\/p>\n<p><strong><span class=\"text1noticias\">En hechos separados.<\/span><\/strong><\/p>\n<p><strong><span class=\"text1noticias\">Santo Domingo.-L<\/span><\/strong><span class=\"text1noticias\">a Polic\u00eda apres\u00f3 y someti\u00f3 a la justicia ayer a tres hombres acusados por separado de herir a dos personas en hechos separados ocurridos en los sectores  Quisqueya y Mejoramiento Social.<\/span><\/p>\n<\/p>\n<p><span class=\"text1noticias\">Dijo que los arrestados son REYNALDO RAFAEL GELABUT MEDINA (Rey), de 21 a\u00f1os; DIANDY FRIAS, de 21, y PEDRO ANTONIO MARTINEZ (a) N\u00e1poles, de 28.<\/span><\/p>\n<\/p>\n<p><span class=\"text1noticias\">La instituci\u00f3n del orden explic\u00f3 que FRIAS y GELABUT MEDINA (Rey) fueron apresados y sometidos a la justicia con relaci\u00f3n a las heridas de bala que presenta ENEMENCIO CABA QUEZADA, de 36 a\u00f1os, a quien interceptaron la noche del pasado 18-11-2010, mientras transitaba por la calle Defill\u00f3, esquina  Gustavo Mej\u00eda Ricart, a bordo de la Motocicleta marca Suzuki AX 100, de color negro, Placa No. N612619, la cual le despojaron y ocasionaron la herida que presenta.<\/span><\/p>\n<\/p>\n<p><span class=\"text1noticias\">En tanto que MARTINEZ (N\u00e1poles) fue apresado y sometido con relaci\u00f3n a la herida de bala ocasionada a ROGERS LUIS PEREZ MORA (a) Jaibita, de 27 a\u00f1os, durante un incidente ocurrido el pasado 23 de octubre en el sector Sim\u00f3n Bol\u00edvar, de esta capital.<\/span><\/p>\n<h6> 2010-11-22 21:50:53 <\/h6>\n<p><!--\n<link rel=\"stylesheet\" href=\"css\/bootstrap.min.css\">\n\n\n<ul class=\"pagination\">\n\t    \n\t\n\n<li >\n\t<a href='?page_no=30491'>Previous<\/a>\n\t<\/li>\n\n\n       \n    \n\n<li><a href='?page_no=1'>1<\/a><\/li>\n\n\n\n<li><a href='?page_no=2'>2<\/a><\/li>\n\n\n\n<li><a>...<\/a><\/li>\n\n\n\n<li><a href='?page_no=30490'>30490<\/a><\/li>\n\n\n\n<li><a href='?page_no=30491'>30491<\/a><\/li>\n\n\n\n<li class='active'><a>30492<\/a><\/li>\n\n\n\n<li><a href='?page_no=30493'>30493<\/a><\/li>\n\n\n\n<li><a href='?page_no=30494'>30494<\/a><\/li>\n\n\n\n<li><a>...<\/a><\/li>\n\n\n\n<li><a href='?page_no=31963'>31963<\/a><\/li>\n\n\n\n<li><a href='?page_no=31964'>31964<\/a><\/li>\n\n    \n\t\n\n<li >\n\t<a href='?page_no=30493'>Next<\/a>\n\t<\/li>\n\n\n    \n\n<li><a href='?page_no=31964'>Last &rsaquo;&rsaquo;<\/a><\/li>\n\n<\/ul>\n\n\n--><br \/>\n<\/body><\/p>\n","protected":false},"excerpt":{"rendered":"<p>En hechos separados. Santo Domingo.-La Polic\u00eda apres\u00f3 y someti\u00f3 a la justicia ayer a tres hombres acusados por separado de herir a dos personas en hechos separados ocurridos en los sectores Quisqueya y Mejoramiento Social. Dijo que los arrestados son REYNALDO RAFAEL GELABUT MEDINA (Rey), de 21 a\u00f1os; DIANDY FRIAS, de 21, y PEDRO ANTONIO [&hellip;]<\/p>\n","protected":false},"author":3,"featured_media":0,"comment_status":"open","ping_status":"open","sticky":false,"template":"","format":"standard","meta":{"footnotes":""},"categories":[24],"tags":[],"class_list":["post-155324","post","type-post","status-publish","format-standard","hentry","category-justicia-y-derecho"],"_links":{"self":[{"href":"https:\/\/diariodominicano.com\/index.php?rest_route=\/wp\/v2\/posts\/155324","targetHints":{"allow":["GET"]}}],"collection":[{"href":"https:\/\/diariodominicano.com\/index.php?rest_route=\/wp\/v2\/posts"}],"about":[{"href":"https:\/\/diariodominicano.com\/index.php?rest_route=\/wp\/v2\/types\/post"}],"author":[{"embeddable":true,"href":"https:\/\/diariodominicano.com\/index.php?rest_route=\/wp\/v2\/users\/3"}],"replies":[{"embeddable":true,"href":"https:\/\/diariodominicano.com\/index.php?rest_route=%2Fwp%2Fv2%2Fcomments&post=155324"}],"version-history":[{"count":0,"href":"https:\/\/diariodominicano.com\/index.php?rest_route=\/wp\/v2\/posts\/155324\/revisions"}],"wp:attachment":[{"href":"https:\/\/diariodominicano.com\/index.php?rest_route=%2Fwp%2Fv2%2Fmedia&parent=155324"}],"wp:term":[{"taxonomy":"category","embeddable":true,"href":"https:\/\/diariodominicano.com\/index.php?rest_route=%2Fwp%2Fv2%2Fcategories&post=155324"},{"taxonomy":"post_tag","embeddable":true,"href":"https:\/\/diariodominicano.com\/index.php?rest_route=%2Fwp%2Fv2%2Ftags&post=155324"}],"curies":[{"name":"wp","href":"https:\/\/api.w.org\/{rel}","templated":true}]}}