{"id":155321,"date":"2010-11-23T15:13:01","date_gmt":"2010-11-23T15:13:01","guid":{"rendered":"http:\/\/diariodominicano.ddns.net\/?p=155321"},"modified":"2010-11-23T15:13:01","modified_gmt":"2010-11-23T15:13:01","slug":"dncd-atrapa-una-mula-espanola-y-otra-dominicana-en-el-aila-y-ocupa-cuatro-kilos-en-el-aeropuerto-de-puerto-plata","status":"publish","type":"post","link":"https:\/\/diariodominicano.com\/?p=155321","title":{"rendered":"DNCD atrapa una mula espa\u00f1ola y otra dominicana en el AILA, y ocupa cuatro kilos en el aeropuerto de Puerto Plata"},"content":{"rendered":"<p><body><\/p>\n<p><span class=\"text1noticias\">Santo Domingo, 23 Nov 2010.- La Direcci\u00f3n Nacional de Control de Drogas- DNCD- anunci\u00f3 la detenci\u00f3n en las \u00faltimas horas en el Aeropuerto Internacional de las Am\u00e9ricas (AILA) de un  dominicano y una espa\u00f1ola cuando se aprestaban a viajar a Nueva York y Espa\u00f1a con droga en el est\u00f3mago. <\/span><\/p>\n<p><span class=\"text1noticias\">Al dar la informaci\u00f3n, el portavoz de la agencia antinarc\u00f3ticos, coronel Ram\u00f3n Alcides Rodr\u00edguez Veras, identific\u00f3 a las \u00abmulas\u00bb como H\u00e9ctor Julio Carrero Ram\u00edrez, de 27 a\u00f1os, y Mar\u00eda Libertad Jim\u00e9nez Bl\u00e1zquez, de 25.<\/span><\/p>\n<\/p>\n<p><span class=\"text1noticias\">Carrero Ram\u00edrez se encuentra interno bajo custodia en el Hospital Central de las Fuerzas Armadas, donde ha expulsado seis de 65 bolsitas que, seg\u00fan afirma, llevaba en el est\u00f3mago. <\/span><\/p>\n<\/p>\n<p><span class=\"text1noticias\">La detenci\u00f3n de Carrero Ram\u00edrez fue practicada a las 7:40 P.M. por miembros de la DNCD destacados en el AILA,  momentos en que el viajero se aprestaba a abordar el vuelo 828 de la aerol\u00ednea Jet Blue, con destino a la ciudad de Nueva York. <\/span><\/p>\n<\/p>\n<p><span class=\"text1noticias\">En el mismo centro de salud castrense se encuentra la europea Jim\u00e9nez Bl\u00e1zquez, a la cual previamente en el Aeropuerto se le realizaron dos radiograf\u00edas de abdomen simple, dando positivo a cuerpos extra\u00f1os en sus v\u00edas digestivas. <\/span><\/p>\n<\/p>\n<p><span class=\"text1noticias\">La extranjera confes\u00f3 a las autoridades haber  ingerido 35 bolsitas de coca\u00edna, adem\u00e1s de que al ser arrestada se le ocup\u00f3 un preservativo lleno de la misma sustancia, con  un peso aproximado de 110 gramos, el cual llevaba en el interior de su cartera. <\/span><\/p>\n<\/p>\n<p><span class=\"text1noticias\">Su arresto fue practicado a las 2:35 de la madrugada de hoy en el AILA, momentos en que abordar\u00eda el vuelo UX088 de la l\u00ednea Air Europa, con destino a Madrid, Espa\u00f1a. <\/span><\/p>\n<\/p>\n<p><span class=\"text1noticias\">La DNCD tambi\u00e9n dio cuenta del levantamiento de cuatro paquetes, equivalente a 4.33 kilos, presumiblemente de coca\u00edna que fueron dejados abandonados en unos matorrales pr\u00f3ximos a la rampa del Aeropuerto Internacional de Puerto Plata.<\/span><\/p>\n<\/p>\n<p><span class=\"text1noticias\">Este hecho ocurri\u00f3 pr\u00f3ximo a las ocho de la noche, con la participaci\u00f3n de una fiscal adjunta de esa provincia, y las autoridades antinarc\u00f3ticos profundizan las investigaciones para establecer las responsabilidades de lugar. <\/span><\/p>\n<h6> 2010-11-23 15:13:01 <\/h6>\n<p><!--\n<link rel=\"stylesheet\" href=\"css\/bootstrap.min.css\">\n\n\n<ul class=\"pagination\">\n\t    \n\t\n\n<li >\n\t<a href='?page_no=30488'>Previous<\/a>\n\t<\/li>\n\n\n       \n    \n\n<li><a href='?page_no=1'>1<\/a><\/li>\n\n\n\n<li><a href='?page_no=2'>2<\/a><\/li>\n\n\n\n<li><a>...<\/a><\/li>\n\n\n\n<li><a href='?page_no=30487'>30487<\/a><\/li>\n\n\n\n<li><a href='?page_no=30488'>30488<\/a><\/li>\n\n\n\n<li class='active'><a>30489<\/a><\/li>\n\n\n\n<li><a href='?page_no=30490'>30490<\/a><\/li>\n\n\n\n<li><a href='?page_no=30491'>30491<\/a><\/li>\n\n\n\n<li><a>...<\/a><\/li>\n\n\n\n<li><a href='?page_no=31963'>31963<\/a><\/li>\n\n\n\n<li><a href='?page_no=31964'>31964<\/a><\/li>\n\n    \n\t\n\n<li >\n\t<a href='?page_no=30490'>Next<\/a>\n\t<\/li>\n\n\n    \n\n<li><a href='?page_no=31964'>Last &rsaquo;&rsaquo;<\/a><\/li>\n\n<\/ul>\n\n\n--><br \/>\n<\/body><\/p>\n","protected":false},"excerpt":{"rendered":"<p>Santo Domingo, 23 Nov 2010.- La Direcci\u00f3n Nacional de Control de Drogas- DNCD- anunci\u00f3 la detenci\u00f3n en las \u00faltimas horas en el Aeropuerto Internacional de las Am\u00e9ricas (AILA) de un dominicano y una espa\u00f1ola cuando se aprestaban a viajar a Nueva York y Espa\u00f1a con droga en el est\u00f3mago. Al dar la informaci\u00f3n, el portavoz [&hellip;]<\/p>\n","protected":false},"author":3,"featured_media":0,"comment_status":"open","ping_status":"open","sticky":false,"template":"","format":"standard","meta":{"footnotes":""},"categories":[24],"tags":[],"class_list":["post-155321","post","type-post","status-publish","format-standard","hentry","category-justicia-y-derecho"],"_links":{"self":[{"href":"https:\/\/diariodominicano.com\/index.php?rest_route=\/wp\/v2\/posts\/155321","targetHints":{"allow":["GET"]}}],"collection":[{"href":"https:\/\/diariodominicano.com\/index.php?rest_route=\/wp\/v2\/posts"}],"about":[{"href":"https:\/\/diariodominicano.com\/index.php?rest_route=\/wp\/v2\/types\/post"}],"author":[{"embeddable":true,"href":"https:\/\/diariodominicano.com\/index.php?rest_route=\/wp\/v2\/users\/3"}],"replies":[{"embeddable":true,"href":"https:\/\/diariodominicano.com\/index.php?rest_route=%2Fwp%2Fv2%2Fcomments&post=155321"}],"version-history":[{"count":0,"href":"https:\/\/diariodominicano.com\/index.php?rest_route=\/wp\/v2\/posts\/155321\/revisions"}],"wp:attachment":[{"href":"https:\/\/diariodominicano.com\/index.php?rest_route=%2Fwp%2Fv2%2Fmedia&parent=155321"}],"wp:term":[{"taxonomy":"category","embeddable":true,"href":"https:\/\/diariodominicano.com\/index.php?rest_route=%2Fwp%2Fv2%2Fcategories&post=155321"},{"taxonomy":"post_tag","embeddable":true,"href":"https:\/\/diariodominicano.com\/index.php?rest_route=%2Fwp%2Fv2%2Ftags&post=155321"}],"curies":[{"name":"wp","href":"https:\/\/api.w.org\/{rel}","templated":true}]}}