{"id":155319,"date":"2010-11-23T17:53:55","date_gmt":"2010-11-23T17:53:55","guid":{"rendered":"http:\/\/diariodominicano.ddns.net\/?p=155319"},"modified":"2010-11-23T17:53:55","modified_gmt":"2010-11-23T17:53:55","slug":"ex-legislador-pide-al-presidente-fernandez-asuma-personalmente-las-medidas-para-enfrentar-violencia-y-delincuencia-aboga-por-modificacion-del-codigo-procesal-penal","status":"publish","type":"post","link":"https:\/\/diariodominicano.com\/?p=155319","title":{"rendered":"&#13;Ex legislador pide al presidente Fern\u00e1ndez asuma personalmente las medidas para enfrentar violencia y delincuencia; aboga por modificaci\u00f3n del C\u00f3digo Procesal Penal&#8230;"},"content":{"rendered":"<p><body><\/p>\n<p><span class=\"text1noticias\">Santo Domingo, 23 Nov 2010.- El presidente Leonel Fern\u00e1ndez debe asumir personalmente el liderazgo de las pol\u00edticas p\u00fablicas para que den un giro al recrudecimiento de la violencia que abate la sociedad, se reduzcan a su m\u00ednima expresi\u00f3n, consider\u00f3 este martes el vicepresidente de la junta de directores de la Academia Dominicana del Derecho.<\/span><\/p>\n<\/p>\n<p><span class=\"text1noticias\">Jos\u00e9 Ricardo Taveras, secretario general de la Fuerza Nacional Progresista (FNP), reconoce hay una notable mejor\u00eda en el proceso de interdicci\u00f3n de la criminalidad pero precisa que las medidas que se aplican no resultan suficientes, y estima que una de las primeras se\u00f1ales para detener el auge delincuencial y la violencia es la modificaci\u00f3n del C\u00f3digo Procesal Penal.<\/span><\/p>\n<\/p>\n<p><span class=\"text1noticias\">El ex diputado por Santiago ve la violencia y la delincuencia un tema complejo y multicausal, que no se les puede imputar \u00fanicamente a las autoridades.<\/span><\/p>\n<\/p>\n<p><span class=\"text1noticias\">Explic\u00f3 que al no percibirse desde el Estado el mensaje de confrontaci\u00f3n necesario, especialmente con el crimen organizado, no es posible esperar cambios que tranquilicen la sociedad.<\/span><\/p>\n<\/p>\n<p><span class=\"text1noticias\">Taveras, secretario general de la Fuerza Nacional Progresista (FNP), lamenta que a pesar de que el presidente Fern\u00e1ndez ha mostrado sensibilidad con el tema, los actores fundamentales en los que ha confiado para modificar el C\u00f3digo Procesal Penal no se empe\u00f1an m\u00e1s que en recomendar cambios cosm\u00e9ticos sin profundizar en sus males.<\/span><\/p>\n<\/p>\n<p><span class=\"text1noticias\">?Entre otros males, hemos pasado del derecho de la libertad procesal al de la esclavitud del formulismo procesal contrario a toda pr\u00e1ctica realmente garantista, que simplifica el acceso al sistema, sin rehuir de mecanismos simples como la declaraci\u00f3n en secretar\u00eda para el ejercicio de los recursos?, precis\u00f3.<\/span><\/p>\n<\/p>\n<p><span class=\"text1noticias\">Agreg\u00f3 que ?la apelaci\u00f3n que garantiza el doble grado de jurisdicci\u00f3n, est\u00e1 a merced de demasiadas discrecionalidades que la han castrado con el concepto de mini casaci\u00f3n que inspira el nuevo c\u00f3digo?.<\/span><\/p>\n<\/p>\n<p><span class=\"text1noticias\">Taveras, quien es adem\u00e1s funge como vicepresidente de la Uni\u00f3n de Partidos Latinoamericanos (UPLA), al identificar aspectos que deben ser tocados en una eventual reforma procesal, expuso que ?el rigor y las limitaciones a que est\u00e1 sometido el nuevo sistema de la prueba, que castra la s\u00faper garantista concepci\u00f3n de la libertad de prueba y activo del juez en desplegar esfuerzos para alcanzar la verdad y alcanzar el fin \u00faltimo de todo sistema, que es procurar un ideal de justicia?.<\/span><\/p>\n<\/p>\n<p><span class=\"text1noticias\">Tambi\u00e9n cita ?la castraci\u00f3n virtual del recurso de casaci\u00f3n en materia penal y la confusi\u00f3n de la prescripci\u00f3n de la acci\u00f3n p\u00fablica con la perenci\u00f3n de instancia, situaci\u00f3n que afecta fundamentalmente a las v\u00edctimas?.<\/span><\/p>\n<\/p>\n<p><span class=\"text1noticias\">El vocero de la FNP, consider\u00f3 que una atenci\u00f3n presidencial al tema es importante, toda vez que no se puede apreciar de tener un sistema de justicia bien dotado en t\u00e9rminos generales y que asechan preocupantes signos de justicia privada.<\/span><\/p>\n<\/p>\n<p><span class=\"text1noticias\">Sugiri\u00f3 que el tema debe ser abordado antes de m\u00e1s que de violencia, se trate de un problema de seguridad del Estado, puntualiz\u00f3 Taveras.<\/span><\/p>\n<p><span class=\"text1noticias\"> <\/span><\/p>\n<h6> 2010-11-23 17:53:55 <\/h6>\n<p><!--\n<link rel=\"stylesheet\" href=\"css\/bootstrap.min.css\">\n\n\n<ul class=\"pagination\">\n\t    \n\t\n\n<li >\n\t<a href='?page_no=30486'>Previous<\/a>\n\t<\/li>\n\n\n       \n    \n\n<li><a href='?page_no=1'>1<\/a><\/li>\n\n\n\n<li><a href='?page_no=2'>2<\/a><\/li>\n\n\n\n<li><a>...<\/a><\/li>\n\n\n\n<li><a href='?page_no=30485'>30485<\/a><\/li>\n\n\n\n<li><a href='?page_no=30486'>30486<\/a><\/li>\n\n\n\n<li class='active'><a>30487<\/a><\/li>\n\n\n\n<li><a href='?page_no=30488'>30488<\/a><\/li>\n\n\n\n<li><a href='?page_no=30489'>30489<\/a><\/li>\n\n\n\n<li><a>...<\/a><\/li>\n\n\n\n<li><a href='?page_no=31963'>31963<\/a><\/li>\n\n\n\n<li><a href='?page_no=31964'>31964<\/a><\/li>\n\n    \n\t\n\n<li >\n\t<a href='?page_no=30488'>Next<\/a>\n\t<\/li>\n\n\n    \n\n<li><a href='?page_no=31964'>Last &rsaquo;&rsaquo;<\/a><\/li>\n\n<\/ul>\n\n\n--><br \/>\n<\/body><\/p>\n","protected":false},"excerpt":{"rendered":"<p>Santo Domingo, 23 Nov 2010.- El presidente Leonel Fern\u00e1ndez debe asumir personalmente el liderazgo de las pol\u00edticas p\u00fablicas para que den un giro al recrudecimiento de la violencia que abate la sociedad, se reduzcan a su m\u00ednima expresi\u00f3n, consider\u00f3 este martes el vicepresidente de la junta de directores de la Academia Dominicana del Derecho. Jos\u00e9 [&hellip;]<\/p>\n","protected":false},"author":3,"featured_media":0,"comment_status":"open","ping_status":"open","sticky":false,"template":"","format":"standard","meta":{"footnotes":""},"categories":[24],"tags":[],"class_list":["post-155319","post","type-post","status-publish","format-standard","hentry","category-justicia-y-derecho"],"_links":{"self":[{"href":"https:\/\/diariodominicano.com\/index.php?rest_route=\/wp\/v2\/posts\/155319","targetHints":{"allow":["GET"]}}],"collection":[{"href":"https:\/\/diariodominicano.com\/index.php?rest_route=\/wp\/v2\/posts"}],"about":[{"href":"https:\/\/diariodominicano.com\/index.php?rest_route=\/wp\/v2\/types\/post"}],"author":[{"embeddable":true,"href":"https:\/\/diariodominicano.com\/index.php?rest_route=\/wp\/v2\/users\/3"}],"replies":[{"embeddable":true,"href":"https:\/\/diariodominicano.com\/index.php?rest_route=%2Fwp%2Fv2%2Fcomments&post=155319"}],"version-history":[{"count":0,"href":"https:\/\/diariodominicano.com\/index.php?rest_route=\/wp\/v2\/posts\/155319\/revisions"}],"wp:attachment":[{"href":"https:\/\/diariodominicano.com\/index.php?rest_route=%2Fwp%2Fv2%2Fmedia&parent=155319"}],"wp:term":[{"taxonomy":"category","embeddable":true,"href":"https:\/\/diariodominicano.com\/index.php?rest_route=%2Fwp%2Fv2%2Fcategories&post=155319"},{"taxonomy":"post_tag","embeddable":true,"href":"https:\/\/diariodominicano.com\/index.php?rest_route=%2Fwp%2Fv2%2Ftags&post=155319"}],"curies":[{"name":"wp","href":"https:\/\/api.w.org\/{rel}","templated":true}]}}