{"id":155318,"date":"2010-11-23T19:15:40","date_gmt":"2010-11-23T19:15:40","guid":{"rendered":"http:\/\/diariodominicano.ddns.net\/?p=155318"},"modified":"2010-11-23T19:15:40","modified_gmt":"2010-11-23T19:15:40","slug":"fuerzas-aereas-de-rd-y-colombia-realizan-ejercicios-militares","status":"publish","type":"post","link":"https:\/\/diariodominicano.com\/?p=155318","title":{"rendered":"Fuerzas A\u00e9reas de RD y Colombia realizan ejercicios militares"},"content":{"rendered":"<p><body><\/p>\n<p><span class=\"text1noticias\">Santo Domingo.- Con el apoyo del Ministro de las Fuerzas Armadas, Teniente General Joaqu\u00edn Virgilio P\u00e9rez F\u00e9liz, la Fuerza A\u00e9rea Dominicana conjuntamente con los Organismos de Seguridad Nacional planific\u00f3 y organiz\u00f3 simult\u00e1neamente con la Fuerza A\u00e9rea de la hermana Rep\u00fablica de Colombia, un ejercicio de operaciones combinadas denominando Caribe I, empleando medios de vigilancia y control del espacio a\u00e9reo, tales como aviones A-29B S\u00faper Tucano, radares a\u00e9reos y terrestres.<\/span><\/p>\n<\/p>\n<p><span class=\"text1noticias\">Este ejercicio se realizar\u00e1 en el \u00e1rea de frontera mar\u00edtima entre ambas naciones y sobre el espacio a\u00e9reo dominicano, con el fin de realizar las tareas de detecci\u00f3n, interceptaci\u00f3n, identificaci\u00f3n y transferencia de tr\u00e1ficos a\u00e9reos irregulares, con la intenci\u00f3n de consolidar los procedimiento coordinados establecidos en las leyes y acuerdos internacionales vigentes, y de esta manera combatir el trafico de aeronaves involucradas en actividades il\u00edcitas transnacionales. <\/span><\/p>\n<\/p>\n<p><span class=\"text1noticias\">El mismo se llevar\u00e1 a cabo gracias al empe\u00f1o de nuestro Excelent\u00edsimo Se\u00f1or Presidente de la Rep\u00fablica, Doctor Leonel Fern\u00e1ndez Reyna, quien no ha escatimado esfuerzos para dotar a nuestra instituci\u00f3n del equipamiento tecnol\u00f3gico y operacional necesario para cumplir con el rol consagrado en la Constituci\u00f3n de la Rep\u00fablica de \u00abPreservar el Espacio A\u00e9reo Nacional\u00bb.<\/span><\/p>\n<\/p>\n<p><span class=\"text1noticias\">Este Ejercicio combinado tendr\u00e1 como objetivos:<\/span><\/p>\n<p><span class=\"text1noticias\"> <\/span><\/p>\n<p><span class=\"text1noticias\">a) Combatir de manera en\u00e9rgica las trazas ilegales, ya que el narcotr\u00e1fico se ha convertido en estos tiempos en nuestro principal enemigo.<\/span><\/p>\n<p><span class=\"text1noticias\"> <\/span><\/p>\n<p><span class=\"text1noticias\">b) Establecer procedimientos que permitan una mayor eficacia para combatir los tr\u00e1ficos il\u00edcitos transnacionales, por medio de la coordinaci\u00f3n operacional entre organismos de defensa a\u00e9rea de Colombia y Rep\u00fablica Dominicana.<\/span><\/p>\n<p><span class=\"text1noticias\"> <\/span><\/p>\n<p><span class=\"text1noticias\">c) Aplicar los procedimientos de coordinaci\u00f3n para la trasferencia de Tr\u00e1ficos A\u00e9reos Irregulares.<\/span><\/p>\n<p><span class=\"text1noticias\">  <\/span><\/p>\n<p><span class=\"text1noticias\">d) Ejercitar a los Estados Mayores de la Fuerza A\u00e9rea Colombiana y la Fuerza A\u00e9rea Dominicana, as\u00ed como tambi\u00e9n los organismos de seguridad.<\/span><\/p>\n<p><span class=\"text1noticias\"> <\/span><\/p>\n<p><span class=\"text1noticias\">e) Estrechar las relaciones, intercambio de experiencia y establecer procedimientos comunes para la vigilancia y control de aeronaves que utilicen el Espacio A\u00e9reo de ambas naciones para el transporte de sustancias sicotr\u00f3picas y otros delitos transnacionales.<\/span><\/p>\n<p><span class=\"text1noticias\"> <\/span><\/p>\n<p><span class=\"text1noticias\">Dicho ejercicio inicia el lunes 22 de noviembre con un briefing y rueda de prensa en Barranquilla Colombia, finalizando el jueves 25 de noviembre del 2010, con un Post-briefing y rueda de prensa en la Base A\u00e9rea San Isidro, Rep\u00fablica Dominicana.<\/span><\/p>\n<\/p>\n<p><span class=\"text1noticias\">Las maniobras a\u00e9reas tienen como centro de actividades los aeropuertos Ernesto Cortissoz de la ciudad colombiana de Barranquilla (norte) y San Isidro, en Rep\u00fablica Dominicana.  <\/span><\/p>\n<\/p>\n<p><span class=\"text1noticias\"> Los ejercicios son comandados por los generales Flavio Ulloa, jefe de operaciones de la Fuerza A\u00e9rea Colombiana (FAC) y el General de Brigada Piloto Manuel A. N\u00fa\u00f1ez Garc\u00eda, Comandante de la Base A\u00e9rea San Isidro, de Rep\u00fablica Dominicana.<\/span><\/p>\n<\/p>\n<\/p>\n<\/p>\n<h6> 2010-11-23 19:15:40 <\/h6>\n<p><!--\n<link rel=\"stylesheet\" href=\"css\/bootstrap.min.css\">\n\n\n<ul class=\"pagination\">\n\t    \n\t\n\n<li >\n\t<a href='?page_no=30485'>Previous<\/a>\n\t<\/li>\n\n\n       \n    \n\n<li><a href='?page_no=1'>1<\/a><\/li>\n\n\n\n<li><a href='?page_no=2'>2<\/a><\/li>\n\n\n\n<li><a>...<\/a><\/li>\n\n\n\n<li><a href='?page_no=30484'>30484<\/a><\/li>\n\n\n\n<li><a href='?page_no=30485'>30485<\/a><\/li>\n\n\n\n<li class='active'><a>30486<\/a><\/li>\n\n\n\n<li><a href='?page_no=30487'>30487<\/a><\/li>\n\n\n\n<li><a href='?page_no=30488'>30488<\/a><\/li>\n\n\n\n<li><a>...<\/a><\/li>\n\n\n\n<li><a href='?page_no=31963'>31963<\/a><\/li>\n\n\n\n<li><a href='?page_no=31964'>31964<\/a><\/li>\n\n    \n\t\n\n<li >\n\t<a href='?page_no=30487'>Next<\/a>\n\t<\/li>\n\n\n    \n\n<li><a href='?page_no=31964'>Last &rsaquo;&rsaquo;<\/a><\/li>\n\n<\/ul>\n\n\n--><br \/>\n<\/body><\/p>\n","protected":false},"excerpt":{"rendered":"<p>Santo Domingo.- Con el apoyo del Ministro de las Fuerzas Armadas, Teniente General Joaqu\u00edn Virgilio P\u00e9rez F\u00e9liz, la Fuerza A\u00e9rea Dominicana conjuntamente con los Organismos de Seguridad Nacional planific\u00f3 y organiz\u00f3 simult\u00e1neamente con la Fuerza A\u00e9rea de la hermana Rep\u00fablica de Colombia, un ejercicio de operaciones combinadas denominando Caribe I, empleando medios de vigilancia y [&hellip;]<\/p>\n","protected":false},"author":3,"featured_media":0,"comment_status":"open","ping_status":"open","sticky":false,"template":"","format":"standard","meta":{"footnotes":""},"categories":[24],"tags":[],"class_list":["post-155318","post","type-post","status-publish","format-standard","hentry","category-justicia-y-derecho"],"_links":{"self":[{"href":"https:\/\/diariodominicano.com\/index.php?rest_route=\/wp\/v2\/posts\/155318","targetHints":{"allow":["GET"]}}],"collection":[{"href":"https:\/\/diariodominicano.com\/index.php?rest_route=\/wp\/v2\/posts"}],"about":[{"href":"https:\/\/diariodominicano.com\/index.php?rest_route=\/wp\/v2\/types\/post"}],"author":[{"embeddable":true,"href":"https:\/\/diariodominicano.com\/index.php?rest_route=\/wp\/v2\/users\/3"}],"replies":[{"embeddable":true,"href":"https:\/\/diariodominicano.com\/index.php?rest_route=%2Fwp%2Fv2%2Fcomments&post=155318"}],"version-history":[{"count":0,"href":"https:\/\/diariodominicano.com\/index.php?rest_route=\/wp\/v2\/posts\/155318\/revisions"}],"wp:attachment":[{"href":"https:\/\/diariodominicano.com\/index.php?rest_route=%2Fwp%2Fv2%2Fmedia&parent=155318"}],"wp:term":[{"taxonomy":"category","embeddable":true,"href":"https:\/\/diariodominicano.com\/index.php?rest_route=%2Fwp%2Fv2%2Fcategories&post=155318"},{"taxonomy":"post_tag","embeddable":true,"href":"https:\/\/diariodominicano.com\/index.php?rest_route=%2Fwp%2Fv2%2Ftags&post=155318"}],"curies":[{"name":"wp","href":"https:\/\/api.w.org\/{rel}","templated":true}]}}