{"id":155316,"date":"2010-11-23T20:13:08","date_gmt":"2010-11-23T20:13:08","guid":{"rendered":"http:\/\/diariodominicano.ddns.net\/?p=155316"},"modified":"2010-11-23T20:13:08","modified_gmt":"2010-11-23T20:13:08","slug":"solicitan-a-ayuntamientos-velar-por-calidad-alimentos-en-las-calles","status":"publish","type":"post","link":"https:\/\/diariodominicano.com\/?p=155316","title":{"rendered":"Solicitan a  Ayuntamientos velar por  calidad  alimentos en las calles"},"content":{"rendered":"<p><body><\/p>\n<p><span class=\"text1noticias\">Santo Domingo.- Los Ayuntamientos tienen que asumir un papel activo en el control de los alimentos crudos y listos para el consumo que se venden en las calles de todas las ciudades del pa\u00eds, para evitar la propagaci\u00f3n de enfermedades que como el c\u00f3lera se transmiten por la ingesta de comidas o bebidas, advirti\u00f3 el doctor Jos\u00e9 Rodr\u00edguez Aybar, viceministro de Salud P\u00fablica.<\/span><\/p>\n<\/p>\n<p><span class=\"text1noticias\">El funcionario dijo que Salud P\u00fablica vigila las condiciones en que se venden esos alimentos pero es una operaci\u00f3n muy dif\u00edcil que requiere de la participaci\u00f3n de los diferentes sectores que deben garantizar tal operaci\u00f3n.<\/span><\/p>\n<\/p>\n<p><span class=\"text1noticias\">Anunci\u00f3 que este mi\u00e9rcoles se celebrar\u00e1 una reuni\u00f3n en el Centro Juan Montalvo con todos los grupos sociales que trabajaban en los diferentes sectores de Santo Domingo y el Distrito Nacional, para adoptar medidas que permitan la aplicaci\u00f3n de medidas de prevenci\u00f3n del c\u00f3lera.<\/span><\/p>\n<\/p>\n<p><span class=\"text1noticias\">Al participar en el programa El Bulevar con Pablo McKinney, Rodr\u00edguez Aybar explic\u00f3 que cuando se toman todas las medidas preventivas el c\u00f3lera resulta una simple diarrea que se controla f\u00e1cilmente, pero si se descuida el manejo de las aguas potables y servidas, as\u00ed como los alimentos, esta enfermedad se torna mortal.<\/span><\/p>\n<\/p>\n<p><span class=\"text1noticias\">Dijo que es por esta raz\u00f3n que Salud P\u00fablica est\u00e1 concentrando todo su esfuerzo en una campa\u00f1a de prevenci\u00f3n con la que se busca que las personas en todas las comunidades adopten las medidas preventivas.<\/span><\/p>\n<\/p>\n<p><span class=\"text1noticias\">Ahora Salud P\u00fablica mantiene lo que define como una campa\u00f1a nacional de vigilancia en todo el pa\u00eds frente a la aparici\u00f3n de los brotes de c\u00f3lera y se trabaja en la implantaci\u00f3n de la campa\u00f1a prevenci\u00f3n.<\/span><\/p>\n<\/p>\n<p><span class=\"text1noticias\">Indic\u00f3 que se  trabaja con las juntas de vecinos, las organizaciones barriales de todo tipo, las organizaciones no gubernamentales y los grupos que inciden en las comunidades.<\/span><\/p>\n<\/p>\n<p><span class=\"text1noticias\">Rodr\u00edguez Aybar dijo que la poblaci\u00f3n debe comprender que evitar la propagaci\u00f3n del c\u00f3lera no es un asunto del Gobierno o de las autoridades solamente, sino que debe involucrar a todo el pa\u00eds.<\/span><\/p>\n<\/p>\n<\/p>\n<h6> 2010-11-23 20:13:08 <\/h6>\n<p><!--\n<link rel=\"stylesheet\" href=\"css\/bootstrap.min.css\">\n\n\n<ul class=\"pagination\">\n\t    \n\t\n\n<li >\n\t<a href='?page_no=30483'>Previous<\/a>\n\t<\/li>\n\n\n       \n    \n\n<li><a href='?page_no=1'>1<\/a><\/li>\n\n\n\n<li><a href='?page_no=2'>2<\/a><\/li>\n\n\n\n<li><a>...<\/a><\/li>\n\n\n\n<li><a href='?page_no=30482'>30482<\/a><\/li>\n\n\n\n<li><a href='?page_no=30483'>30483<\/a><\/li>\n\n\n\n<li class='active'><a>30484<\/a><\/li>\n\n\n\n<li><a href='?page_no=30485'>30485<\/a><\/li>\n\n\n\n<li><a href='?page_no=30486'>30486<\/a><\/li>\n\n\n\n<li><a>...<\/a><\/li>\n\n\n\n<li><a href='?page_no=31963'>31963<\/a><\/li>\n\n\n\n<li><a href='?page_no=31964'>31964<\/a><\/li>\n\n    \n\t\n\n<li >\n\t<a href='?page_no=30485'>Next<\/a>\n\t<\/li>\n\n\n    \n\n<li><a href='?page_no=31964'>Last &rsaquo;&rsaquo;<\/a><\/li>\n\n<\/ul>\n\n\n--><br \/>\n<\/body><\/p>\n","protected":false},"excerpt":{"rendered":"<p>Santo Domingo.- Los Ayuntamientos tienen que asumir un papel activo en el control de los alimentos crudos y listos para el consumo que se venden en las calles de todas las ciudades del pa\u00eds, para evitar la propagaci\u00f3n de enfermedades que como el c\u00f3lera se transmiten por la ingesta de comidas o bebidas, advirti\u00f3 el [&hellip;]<\/p>\n","protected":false},"author":3,"featured_media":0,"comment_status":"open","ping_status":"open","sticky":false,"template":"","format":"standard","meta":{"footnotes":""},"categories":[24],"tags":[],"class_list":["post-155316","post","type-post","status-publish","format-standard","hentry","category-justicia-y-derecho"],"_links":{"self":[{"href":"https:\/\/diariodominicano.com\/index.php?rest_route=\/wp\/v2\/posts\/155316","targetHints":{"allow":["GET"]}}],"collection":[{"href":"https:\/\/diariodominicano.com\/index.php?rest_route=\/wp\/v2\/posts"}],"about":[{"href":"https:\/\/diariodominicano.com\/index.php?rest_route=\/wp\/v2\/types\/post"}],"author":[{"embeddable":true,"href":"https:\/\/diariodominicano.com\/index.php?rest_route=\/wp\/v2\/users\/3"}],"replies":[{"embeddable":true,"href":"https:\/\/diariodominicano.com\/index.php?rest_route=%2Fwp%2Fv2%2Fcomments&post=155316"}],"version-history":[{"count":0,"href":"https:\/\/diariodominicano.com\/index.php?rest_route=\/wp\/v2\/posts\/155316\/revisions"}],"wp:attachment":[{"href":"https:\/\/diariodominicano.com\/index.php?rest_route=%2Fwp%2Fv2%2Fmedia&parent=155316"}],"wp:term":[{"taxonomy":"category","embeddable":true,"href":"https:\/\/diariodominicano.com\/index.php?rest_route=%2Fwp%2Fv2%2Fcategories&post=155316"},{"taxonomy":"post_tag","embeddable":true,"href":"https:\/\/diariodominicano.com\/index.php?rest_route=%2Fwp%2Fv2%2Ftags&post=155316"}],"curies":[{"name":"wp","href":"https:\/\/api.w.org\/{rel}","templated":true}]}}