{"id":155314,"date":"2010-11-23T20:59:15","date_gmt":"2010-11-23T20:59:15","guid":{"rendered":"http:\/\/diariodominicano.ddns.net\/?p=155314"},"modified":"2010-11-23T20:59:15","modified_gmt":"2010-11-23T20:59:15","slug":"legisladores-y-funcionarios-realizan-recorrido-por-aniversario-50-asesinato-hnas-mirabal","status":"publish","type":"post","link":"https:\/\/diariodominicano.com\/?p=155314","title":{"rendered":"Legisladores y funcionarios realizan recorrido por aniversario 50 asesinato Hnas Mirabal"},"content":{"rendered":"<p><body><\/p>\n<p><span class=\"text1noticias\"> <\/span><\/p>\n<p><span class=\"text1noticias\">Por Damaris Silverio<\/span><\/p>\n<\/p>\n<p><span class=\"text1noticias\">Ojo de Agua,Salcedo.- las Comisiones de Genero del Senado y la C\u00e1mara de Diputados, junto a la Comisi\u00f3n Organizadora del 50 Aniversario del Asesinato de las Hermanas Mirabal, realizaron un recorrido junto a la Ministra de la Mujer, y representantes de Centroam\u00e9rica, en Ojo de Agua, Salcedo.<\/span><\/p>\n<p><span class=\"text1noticias\"> <\/span><\/p>\n<p><span class=\"text1noticias\">La actividad encabezada por las presidentas de comisiones, senadora Cristina Lizardo, diputada Magda Rodr\u00edguez y licenciada Alejandrina German, Ministra de la Mujer, fue iniciada en el Ayuntamiento de Salcedo.<\/span><\/p>\n<p><span class=\"text1noticias\"> <\/span><\/p>\n<p><span class=\"text1noticias\">El alcalde Octavio Valent\u00edn, les dio la bienvenida a las damas, al igual que a Alejandrina German, y luego procedi\u00f3 a reconocer a la ex presidenta chilena Michelle Bachelet, quien tambi\u00e9n fue declaradas Hu\u00e9sped Distinguida de Salcedo. La directora regional ONU-Mujer, para M\u00e9xico, Cuba y Rep\u00fablica Dominicana, Ana Guzm\u00e1n, recibi\u00f3 el pergamino de reconocimiento.<\/span><\/p>\n<p><span class=\"text1noticias\"> <\/span><\/p>\n<p><span class=\"text1noticias\">Destac\u00f3 que ONU- Mujeres se une a la conmemoraci\u00f3n de toda Am\u00e9rica Latina, para decir ?no m\u00e1s violencia, no m\u00e1s violaciones a los derechos humanos?.<\/span><\/p>\n<p><span class=\"text1noticias\"> <\/span><\/p>\n<p><span class=\"text1noticias\">?Es un d\u00eda de homenaje al pueblo de Salcedo, a los familiares de las Hermanas Mirabal, por cuidar su memoria, su pensamiento, as\u00ed como sus murales que indican que est\u00e1n integrados a las pol\u00edticas de paz y desarrollo de los pueblos?.<\/span><\/p>\n<p><span class=\"text1noticias\"> <\/span><\/p>\n<p><span class=\"text1noticias\"> <\/span><\/p>\n<p><span class=\"text1noticias\">El Ministerio de la Secretaria de la Mujer, inicio los actos conmemorativos del 50 aniversario del asesinato de Las Mariposas, las Hermanas Patria, Minerva y Mar\u00eda Teresa Mirabal, con una proclama de todas las ministras Centroamericana que visitaron el Museo y corredor Hermanas Mirabal, para tan hist\u00f3rica ocasi\u00f3n.<\/span><\/p>\n<p><span class=\"text1noticias\"> <\/span><\/p>\n<p><span class=\"text1noticias\"> <\/span><\/p>\n<p><span class=\"text1noticias\">La directora Regional de ONU-Mujer para agradeci\u00f3 en nombre de la Bachelet el presente pergamino que recibi\u00f3 de manos del alcalde, gobernador y senador Luis Renee Canaa, as\u00ed  como funcionarios municipales a la Bachelet.<\/span><\/p>\n<p><span class=\"text1noticias\"> <\/span><\/p>\n<p><span class=\"text1noticias\"> <\/span><\/p>\n<p><span class=\"text1noticias\">La diputada y presidenta de la Comisi\u00f3n de Relaciones Exteriores, Minou Tavares Mirabal,  recibi\u00f3 en los jardines del Museo, a las visitantes internacionales y legisladoras locales, a quienes les dio un recorrido hist\u00f3rico y narraci\u00f3n de los hechos que antecedieron al asesinato de Las Hermanas Mirabal.<\/span><\/p>\n<\/p>\n<p><span class=\"text1noticias\">Las Ministras de Centroam\u00e9rica, fueron tambi\u00e9n declaradas Hu\u00e9sped Distinguidas de Salcedo, mediante resoluci\u00f3n aprobada por la Sala Capitular salcedense, en virtud de cumplirse el 50 aniversario de la desaparici\u00f3n de Patria, Mar\u00eda Teresa y Minerva Mirabal.<\/span><\/p>\n<\/p>\n<p><span class=\"text1noticias\">?El Ayuntamiento del Salcedo, resuelve declarar al Consejo de Ministras de Centroam\u00e9rica en Rep\u00fablica Dominicana, Hu\u00e9sped Distinguidas de Salcedo?, establece la resoluci\u00f3n municipal.<\/span><\/p>\n<\/p>\n<p><span class=\"text1noticias\">Acto seguido, la ministra de la Mujer dominicana, Alejandrina German recibi\u00f3 las llaves de la Ciudad de Salcedo, quien dijosentirse satisfecha del resultado del encuentro centroamericano culminado con la visita a Salcedo, Cuna de Las Mariposas.  <\/span><\/p>\n<p><span class=\"text1noticias\">   <\/span><\/p>\n<p><span class=\"text1noticias\">?Lo cierto es que para nosotras como miembro del COMCA, la doctora Michelle Bachelet, que no est\u00e1 porque debi\u00f3 viajar a Ginebra, es una sorpresa que este Ayuntamiento nos distingue?.<\/span><\/p>\n<\/p>\n<p><span class=\"text1noticias\">No pod\u00eda ser para menos, dijo,  esta es la tierra de las Hermanas Mirabal, a nombre del Consejo de Ministra de Centroam\u00e9rica, del Ministerio de la Mujer, de las invitadas internacionales recibimos con humildad y orgullo este reconocimiento, dijo Alejandrina German.<\/span><\/p>\n<\/p>\n<p><span class=\"text1noticias\">Prometi\u00f3 que no descansara para que se haga realidad el legado de Las Mariposas, podemos decir que contamos con una Constituci\u00f3n con equidad de g\u00e9nero, si vali\u00f3 la pena el sacrificio de las Hermanas Mirabal, y en nombre de ellas, construiremos un mejor futuro.    <\/span><\/p>\n<p><span class=\"text1noticias\"> <\/span><\/p>\n<p><span class=\"text1noticias\"> Noris Gonzales, hija de Patria Mirabal, quien la acompa\u00f1\u00f3 a todas las actividades.  <\/span><\/p>\n<\/p>\n<p><span class=\"text1noticias\">Salcedo, la Ciudad de los Murales, tiene su raz\u00f3n de ser en la presencia de la familia y las Hermanas Mirabal, subray\u00f3.<\/span><\/p>\n<p><span class=\"text1noticias\">En el acto se dio la bienvenida a representante del Programa de las Naciones Unidas Para el Desarrollo (PNUD), que tambi\u00e9n visito a Salcedo.<\/span><\/p>\n<p><span class=\"text1noticias\"> <\/span><\/p>\n<p><span class=\"text1noticias\">La ?Declaraci\u00f3n de Salcedo?<\/span><\/p>\n<\/p>\n<p><span class=\"text1noticias\">Alejandrina German, ley\u00f3 la ?Declaraci\u00f3n de Salcedo?, firmada por todas las Ministras de la Mujer Centroam\u00e9rica y Rep\u00fablica Dominicana y las autoridades y representantes de pa\u00edses y organismos internacionales reunidas en Santo Domingo, en la Conferencia Regional: Genero, Integraci\u00f3n y Desarrollo: 50 a\u00f1os del Asesinato de las Hermanas Mirabal, celebradas los d\u00edas 18, 19 y 20 de noviembre del a\u00f1o 2010.<\/span><\/p>\n<\/p>\n<p><span class=\"text1noticias\">La Declaraci\u00f3n posee 14 puntos compromisarios por la defensa de la Mujer, asumiendo que las mujeres han estado presentes en todos los escenarios de las luchas patri\u00f3ticas y democr\u00e1ticas de Am\u00e9rica Latina y El Caribe, y han contribuido con sus acciones, compromisos, recursos, y hasta con sus vidas?. <\/span><\/p>\n<\/p>\n<\/p>\n<h6> 2010-11-23 20:59:15 <\/h6>\n<p><!--\n<link rel=\"stylesheet\" href=\"css\/bootstrap.min.css\">\n\n\n<ul class=\"pagination\">\n\t    \n\t\n\n<li >\n\t<a href='?page_no=30481'>Previous<\/a>\n\t<\/li>\n\n\n       \n    \n\n<li><a href='?page_no=1'>1<\/a><\/li>\n\n\n\n<li><a href='?page_no=2'>2<\/a><\/li>\n\n\n\n<li><a>...<\/a><\/li>\n\n\n\n<li><a href='?page_no=30480'>30480<\/a><\/li>\n\n\n\n<li><a href='?page_no=30481'>30481<\/a><\/li>\n\n\n\n<li class='active'><a>30482<\/a><\/li>\n\n\n\n<li><a href='?page_no=30483'>30483<\/a><\/li>\n\n\n\n<li><a href='?page_no=30484'>30484<\/a><\/li>\n\n\n\n<li><a>...<\/a><\/li>\n\n\n\n<li><a href='?page_no=31963'>31963<\/a><\/li>\n\n\n\n<li><a href='?page_no=31964'>31964<\/a><\/li>\n\n    \n\t\n\n<li >\n\t<a href='?page_no=30483'>Next<\/a>\n\t<\/li>\n\n\n    \n\n<li><a href='?page_no=31964'>Last &rsaquo;&rsaquo;<\/a><\/li>\n\n<\/ul>\n\n\n--><br \/>\n<\/body><\/p>\n","protected":false},"excerpt":{"rendered":"<p>Por Damaris Silverio Ojo de Agua,Salcedo.- las Comisiones de Genero del Senado y la C\u00e1mara de Diputados, junto a la Comisi\u00f3n Organizadora del 50 Aniversario del Asesinato de las Hermanas Mirabal, realizaron un recorrido junto a la Ministra de la Mujer, y representantes de Centroam\u00e9rica, en Ojo de Agua, Salcedo. La actividad encabezada por las [&hellip;]<\/p>\n","protected":false},"author":3,"featured_media":0,"comment_status":"open","ping_status":"open","sticky":false,"template":"","format":"standard","meta":{"footnotes":""},"categories":[24],"tags":[],"class_list":["post-155314","post","type-post","status-publish","format-standard","hentry","category-justicia-y-derecho"],"_links":{"self":[{"href":"https:\/\/diariodominicano.com\/index.php?rest_route=\/wp\/v2\/posts\/155314","targetHints":{"allow":["GET"]}}],"collection":[{"href":"https:\/\/diariodominicano.com\/index.php?rest_route=\/wp\/v2\/posts"}],"about":[{"href":"https:\/\/diariodominicano.com\/index.php?rest_route=\/wp\/v2\/types\/post"}],"author":[{"embeddable":true,"href":"https:\/\/diariodominicano.com\/index.php?rest_route=\/wp\/v2\/users\/3"}],"replies":[{"embeddable":true,"href":"https:\/\/diariodominicano.com\/index.php?rest_route=%2Fwp%2Fv2%2Fcomments&post=155314"}],"version-history":[{"count":0,"href":"https:\/\/diariodominicano.com\/index.php?rest_route=\/wp\/v2\/posts\/155314\/revisions"}],"wp:attachment":[{"href":"https:\/\/diariodominicano.com\/index.php?rest_route=%2Fwp%2Fv2%2Fmedia&parent=155314"}],"wp:term":[{"taxonomy":"category","embeddable":true,"href":"https:\/\/diariodominicano.com\/index.php?rest_route=%2Fwp%2Fv2%2Fcategories&post=155314"},{"taxonomy":"post_tag","embeddable":true,"href":"https:\/\/diariodominicano.com\/index.php?rest_route=%2Fwp%2Fv2%2Ftags&post=155314"}],"curies":[{"name":"wp","href":"https:\/\/api.w.org\/{rel}","templated":true}]}}