{"id":155313,"date":"2010-11-23T21:04:48","date_gmt":"2010-11-23T21:04:48","guid":{"rendered":"http:\/\/diariodominicano.ddns.net\/?p=155313"},"modified":"2010-11-23T21:04:48","modified_gmt":"2010-11-23T21:04:48","slug":"todo-lista-para-el-censo-nacional-que-se-inicia-este-miercoles","status":"publish","type":"post","link":"https:\/\/diariodominicano.com\/?p=155313","title":{"rendered":"Todo lista para el Censo Nacional que se inicia este mi\u00e9rcoles"},"content":{"rendered":"<p><body><\/p>\n<\/p>\n<p><span class=\"text1noticias\">Santo Domingo.-El IX Censo Nacional de Poblaci\u00f3n y Vivienda 2010 se inicia este mi\u00e9rcoles con el prop\u00f3sito de proporcionar al pa\u00eds informaci\u00f3n socioecon\u00f3mica y demogr\u00e1fica relativa a todos los habitantes y hogares del pa\u00eds y sobre las viviendas que ocupan.<\/span><\/p>\n<\/p>\n<p><span class=\"text1noticias\">Unas 60 mil personas, entre ellos 44 mil empadronadores, 10 mil supervisores y 3,200 encargados de pol\u00edgonos tendr\u00e1n a su cargo el levantamiento de la informaci\u00f3n en las viviendas, hogares y personas del 24 al 30 de este mes.<\/span><\/p>\n<\/p>\n<p><span class=\"text1noticias\">La boleta censal tiene 60 preguntas para recabar informaci\u00f3n socioecon\u00f3mica, sociodemogr\u00e1fica, sexo, edad, caracter\u00edsticas educativas y econ\u00f3micas, as\u00ed como informaci\u00f3n acerca de la mortalidad y de la producci\u00f3n agropecuaria.<\/span><\/p>\n<\/p>\n<p><span class=\"text1noticias\">Adem\u00e1s de las informaciones incluidas en la boleta, el empadronador deber\u00e1 completar un cuestionario sobre atributos de la comunidad y el \u00e1mbito en el que se encuentra ubicado la vivienda censada: caracter\u00edsticas o alg\u00fan tipo de riesgo para inundaciones u otros fen\u00f3menos.<\/span><\/p>\n<\/p>\n<p><span class=\"text1noticias\">Los trabajos se inician a las 8:00 de la ma\u00f1ana hasta las 6:00 de la tarde.<\/span><\/p>\n<\/p>\n<p><span class=\"text1noticias\">Las autoridades de la Oficina Nacional de Estad\u00edstica han prometido que en un mes despu\u00e9s de levantado el censo se ofrecer\u00e1n resultados preliminares y en 10 meses los resultados definitivos.<\/span><\/p>\n<\/p>\n<h6> 2010-11-23 21:04:48 <\/h6>\n<p><!--\n<link rel=\"stylesheet\" href=\"css\/bootstrap.min.css\">\n\n\n<ul class=\"pagination\">\n\t    \n\t\n\n<li >\n\t<a href='?page_no=30480'>Previous<\/a>\n\t<\/li>\n\n\n       \n    \n\n<li><a href='?page_no=1'>1<\/a><\/li>\n\n\n\n<li><a href='?page_no=2'>2<\/a><\/li>\n\n\n\n<li><a>...<\/a><\/li>\n\n\n\n<li><a href='?page_no=30479'>30479<\/a><\/li>\n\n\n\n<li><a href='?page_no=30480'>30480<\/a><\/li>\n\n\n\n<li class='active'><a>30481<\/a><\/li>\n\n\n\n<li><a href='?page_no=30482'>30482<\/a><\/li>\n\n\n\n<li><a href='?page_no=30483'>30483<\/a><\/li>\n\n\n\n<li><a>...<\/a><\/li>\n\n\n\n<li><a href='?page_no=31963'>31963<\/a><\/li>\n\n\n\n<li><a href='?page_no=31964'>31964<\/a><\/li>\n\n    \n\t\n\n<li >\n\t<a href='?page_no=30482'>Next<\/a>\n\t<\/li>\n\n\n    \n\n<li><a href='?page_no=31964'>Last &rsaquo;&rsaquo;<\/a><\/li>\n\n<\/ul>\n\n\n--><br \/>\n<\/body><\/p>\n","protected":false},"excerpt":{"rendered":"<p>Santo Domingo.-El IX Censo Nacional de Poblaci\u00f3n y Vivienda 2010 se inicia este mi\u00e9rcoles con el prop\u00f3sito de proporcionar al pa\u00eds informaci\u00f3n socioecon\u00f3mica y demogr\u00e1fica relativa a todos los habitantes y hogares del pa\u00eds y sobre las viviendas que ocupan. Unas 60 mil personas, entre ellos 44 mil empadronadores, 10 mil supervisores y 3,200 encargados [&hellip;]<\/p>\n","protected":false},"author":3,"featured_media":0,"comment_status":"open","ping_status":"open","sticky":false,"template":"","format":"standard","meta":{"footnotes":""},"categories":[24],"tags":[],"class_list":["post-155313","post","type-post","status-publish","format-standard","hentry","category-justicia-y-derecho"],"_links":{"self":[{"href":"https:\/\/diariodominicano.com\/index.php?rest_route=\/wp\/v2\/posts\/155313","targetHints":{"allow":["GET"]}}],"collection":[{"href":"https:\/\/diariodominicano.com\/index.php?rest_route=\/wp\/v2\/posts"}],"about":[{"href":"https:\/\/diariodominicano.com\/index.php?rest_route=\/wp\/v2\/types\/post"}],"author":[{"embeddable":true,"href":"https:\/\/diariodominicano.com\/index.php?rest_route=\/wp\/v2\/users\/3"}],"replies":[{"embeddable":true,"href":"https:\/\/diariodominicano.com\/index.php?rest_route=%2Fwp%2Fv2%2Fcomments&post=155313"}],"version-history":[{"count":0,"href":"https:\/\/diariodominicano.com\/index.php?rest_route=\/wp\/v2\/posts\/155313\/revisions"}],"wp:attachment":[{"href":"https:\/\/diariodominicano.com\/index.php?rest_route=%2Fwp%2Fv2%2Fmedia&parent=155313"}],"wp:term":[{"taxonomy":"category","embeddable":true,"href":"https:\/\/diariodominicano.com\/index.php?rest_route=%2Fwp%2Fv2%2Fcategories&post=155313"},{"taxonomy":"post_tag","embeddable":true,"href":"https:\/\/diariodominicano.com\/index.php?rest_route=%2Fwp%2Fv2%2Ftags&post=155313"}],"curies":[{"name":"wp","href":"https:\/\/api.w.org\/{rel}","templated":true}]}}