{"id":155311,"date":"2010-11-23T21:13:00","date_gmt":"2010-11-23T21:13:00","guid":{"rendered":"http:\/\/diariodominicano.ddns.net\/?p=155311"},"modified":"2010-11-23T21:13:00","modified_gmt":"2010-11-23T21:13:00","slug":"coe-se-activa-en-lucha-prevencion-del-colera","status":"publish","type":"post","link":"https:\/\/diariodominicano.com\/?p=155311","title":{"rendered":"&#13;COE se activa en lucha prevenci\u00f3n del c\u00f3lera"},"content":{"rendered":"<p><body><\/p>\n<p><img decoding=\"async\" src=\"http:\/\/localhost:8080\/justiciayderecho\/img3\/logo coe.jpg\" \/>  <\/p>\n<\/p>\n<p><span class=\"text1noticias\">Santo Domingo.-El Centro de Operaciones de Emergencia (COE) se uni\u00f3 hoy a las actividades de contingencia que lleva a cabo Salud P\u00fablica para la prevenci\u00f3n y control del c\u00f3lera y de inmediato el organismo dej\u00f3 activada sus divisiones y mesas de trabajo.<\/span><\/p>\n<\/p>\n<p><span class=\"text1noticias\">El organismo anunci\u00f3, adem\u00e1s, que dej\u00f3 instalado un centro de llamada con el n\u00famero 809-472-0909, en cual cuenta con 70 l\u00edneas con salto autom\u00e1tico para dar informaciones a la poblaci\u00f3n.<\/span><\/p>\n<\/p>\n<p><span class=\"text1noticias\">El anuncio fue hecho por el ministro de Salud, Bautista Rojas G\u00f3mez y el director del COE Juan Manuel M\u00e9ndez durante una rueda de prensa conjunta.<\/span><\/p>\n<\/p>\n<p><span class=\"text1noticias\">Juan Manuel M\u00e9ndez dijo que en lo adelante el \u00fanico autorizado para dar informaci\u00f3n sobre la enfermedad es Rojas G\u00f3mez, mientras que \u00e9ste \u00faltimo inform\u00f3 que se han tomado varias muestras de pacientes con diarrea, pero que hasta el momento no hay nuevos casos confirmados en el pa\u00eds de la enfermedad.<\/span><\/p>\n<\/p>\n<p><span class=\"text1noticias\">Dijo que siguen en la b\u00fasqueda de pacientes sospechosos, tras indicar que todas las instituciones que conforman el COE se integrar\u00e1n a la jornada de educaci\u00f3n para la prevenci\u00f3n del c\u00f3lera el d\u00eda 30 de este mes.<\/span><\/p>\n<\/p>\n<p><span class=\"text1noticias\">Inform\u00f3 que ayer se capt\u00f3 un n\u00famero importante de pruebas, pero que no hay nada confirmado.<\/span><\/p>\n<p><span class=\"text1noticias\">Reconoci\u00f3 que hay en la frontera con el trasiego de personas, pero que Salud P\u00fablica est\u00e1 desempe\u00f1ando su papel tomando las medidas preventivas y revisando a las personas que entran de forma ilegal.<\/span><\/p>\n<\/p>\n<p><span class=\"text1noticias\">Exhort\u00f3 a la poblaci\u00f3n a que no consuman el agua  granel que se expende, a menos que no la hiervan o le echen cloro, porque en el trayecto se puede contaminar.<\/span><\/p>\n<\/p>\n<p><span class=\"text1noticias\">Las personas no deben ser discriminadas o estigmatizadas, ya que la enfermedad provoca muerte por la deshidrataci\u00f3n y cuando se le suministran los antibi\u00f3ticos dejan de ser contagioso.<\/span><\/p>\n<\/p>\n<h6> 2010-11-23 21:13:00 <\/h6>\n<p><!--\n<link rel=\"stylesheet\" href=\"css\/bootstrap.min.css\">\n\n\n<ul class=\"pagination\">\n\t    \n\t\n\n<li >\n\t<a href='?page_no=30478'>Previous<\/a>\n\t<\/li>\n\n\n       \n    \n\n<li><a href='?page_no=1'>1<\/a><\/li>\n\n\n\n<li><a href='?page_no=2'>2<\/a><\/li>\n\n\n\n<li><a>...<\/a><\/li>\n\n\n\n<li><a href='?page_no=30477'>30477<\/a><\/li>\n\n\n\n<li><a href='?page_no=30478'>30478<\/a><\/li>\n\n\n\n<li class='active'><a>30479<\/a><\/li>\n\n\n\n<li><a href='?page_no=30480'>30480<\/a><\/li>\n\n\n\n<li><a href='?page_no=30481'>30481<\/a><\/li>\n\n\n\n<li><a>...<\/a><\/li>\n\n\n\n<li><a href='?page_no=31963'>31963<\/a><\/li>\n\n\n\n<li><a href='?page_no=31964'>31964<\/a><\/li>\n\n    \n\t\n\n<li >\n\t<a href='?page_no=30480'>Next<\/a>\n\t<\/li>\n\n\n    \n\n<li><a href='?page_no=31964'>Last &rsaquo;&rsaquo;<\/a><\/li>\n\n<\/ul>\n\n\n--><br \/>\n<\/body><\/p>\n","protected":false},"excerpt":{"rendered":"<p>Santo Domingo.-El Centro de Operaciones de Emergencia (COE) se uni\u00f3 hoy a las actividades de contingencia que lleva a cabo Salud P\u00fablica para la prevenci\u00f3n y control del c\u00f3lera y de inmediato el organismo dej\u00f3 activada sus divisiones y mesas de trabajo. El organismo anunci\u00f3, adem\u00e1s, que dej\u00f3 instalado un centro de llamada con el [&hellip;]<\/p>\n","protected":false},"author":3,"featured_media":0,"comment_status":"open","ping_status":"open","sticky":false,"template":"","format":"standard","meta":{"footnotes":""},"categories":[24],"tags":[],"class_list":["post-155311","post","type-post","status-publish","format-standard","hentry","category-justicia-y-derecho"],"_links":{"self":[{"href":"https:\/\/diariodominicano.com\/index.php?rest_route=\/wp\/v2\/posts\/155311","targetHints":{"allow":["GET"]}}],"collection":[{"href":"https:\/\/diariodominicano.com\/index.php?rest_route=\/wp\/v2\/posts"}],"about":[{"href":"https:\/\/diariodominicano.com\/index.php?rest_route=\/wp\/v2\/types\/post"}],"author":[{"embeddable":true,"href":"https:\/\/diariodominicano.com\/index.php?rest_route=\/wp\/v2\/users\/3"}],"replies":[{"embeddable":true,"href":"https:\/\/diariodominicano.com\/index.php?rest_route=%2Fwp%2Fv2%2Fcomments&post=155311"}],"version-history":[{"count":0,"href":"https:\/\/diariodominicano.com\/index.php?rest_route=\/wp\/v2\/posts\/155311\/revisions"}],"wp:attachment":[{"href":"https:\/\/diariodominicano.com\/index.php?rest_route=%2Fwp%2Fv2%2Fmedia&parent=155311"}],"wp:term":[{"taxonomy":"category","embeddable":true,"href":"https:\/\/diariodominicano.com\/index.php?rest_route=%2Fwp%2Fv2%2Fcategories&post=155311"},{"taxonomy":"post_tag","embeddable":true,"href":"https:\/\/diariodominicano.com\/index.php?rest_route=%2Fwp%2Fv2%2Ftags&post=155311"}],"curies":[{"name":"wp","href":"https:\/\/api.w.org\/{rel}","templated":true}]}}