{"id":155309,"date":"2010-11-23T21:43:06","date_gmt":"2010-11-23T21:43:06","guid":{"rendered":"http:\/\/diariodominicano.ddns.net\/?p=155309"},"modified":"2010-11-23T21:43:06","modified_gmt":"2010-11-23T21:43:06","slug":"sobeida-y-mary-pelaez-podrian-ser-extraditadas-a-puerto-rico","status":"publish","type":"post","link":"https:\/\/diariodominicano.com\/?p=155309","title":{"rendered":"Sobeida y Mary P\u00e9laez  podr\u00edan ser extraditadas a Puerto Rico"},"content":{"rendered":"<p><body><\/p>\n<p><span class=\"text1noticias\">Santo Domingo.-El Fiscal del Distrito nacional inform\u00f3 que los acusados  por lavado de activos provenientes del narcotr\u00e1fico Sobeida F\u00e9lix Morel, Sammy Daujary, Mary Pel\u00e1ez, Juan Jos\u00e9 Gonz\u00e1lez Ibarra y Ricardo Ivanovich Smeter est\u00e1n en la lista de potenciales extraditables a Puerto Rico.<\/span><\/p>\n<\/p>\n<p><span class=\"text1noticias\">De acuerdo con el peri\u00f3dico El Vocero, de Puerto Rico, Alejandro Moscoso Segarra declar\u00f3 que los implicados en la red de narcotr\u00e1fico liderada por Jos\u00e9 David Figueroa Agosto podr\u00edan ser solicitados por las autoridades de Estados Unidos para que comparezcan al jucio que se abrir\u00e1 en Puerto Rico al capo, tambi\u00e9n conocido como Junior C\u00e1psula.<\/span><\/p>\n<\/p>\n<p><span class=\"text1noticias\">El Vocero subraya que el Procurador Fiscal del Distrito Nacional revel\u00f3 que \u00abHay m\u00e1s implicados en el pa\u00eds en la red de Figueroa Agosto que podr\u00edan ser extraditados\u00bb.<\/span><\/p>\n<\/p>\n<p><span class=\"text1noticias\">Moscoso Segarra viaj\u00f3 a Puerto Rico el lunes \u00faltimo junto al procurador adjunto en materia de narcotr\u00e1fico, Frank Soto, a fin de ultimar detalles sobre las investigaciones en torno a Figueroa Agosto y sus socios en Rep\u00fablica Dominicana.<\/span><\/p>\n<\/p>\n<p><span class=\"text1noticias\">Frank Soto asegur\u00f3 que Eddy Brito, reclamado en extradici\u00f3n por las autoridades de la vecina isla, es el tercero al mando de la red de narcotrafico que dirig\u00eda Figueroa Agosto.<\/span><\/p>\n<\/p>\n<p><span class=\"text1noticias\">\u00abHay una acusaci\u00f3n formal contra Eddy Brito en Puerto Rico. Nosotros hemos viajado a la vecina isla para indagar m\u00e1s sobre las implicaciones de los apresados y conocer en detalles la solicitud de extradici\u00f3n, la cual a\u00fan no tenemos a mano, pero esperamos que se las autoridades puertorrique\u00f1as nos la hagan saber en cualquier momento\u00bb, apunt\u00f3.<\/span><\/p>\n<\/p>\n<h6> 2010-11-23 21:43:06 <\/h6>\n<p><!--\n<link rel=\"stylesheet\" href=\"css\/bootstrap.min.css\">\n\n\n<ul class=\"pagination\">\n\t    \n\t\n\n<li >\n\t<a href='?page_no=30476'>Previous<\/a>\n\t<\/li>\n\n\n       \n    \n\n<li><a href='?page_no=1'>1<\/a><\/li>\n\n\n\n<li><a href='?page_no=2'>2<\/a><\/li>\n\n\n\n<li><a>...<\/a><\/li>\n\n\n\n<li><a href='?page_no=30475'>30475<\/a><\/li>\n\n\n\n<li><a href='?page_no=30476'>30476<\/a><\/li>\n\n\n\n<li class='active'><a>30477<\/a><\/li>\n\n\n\n<li><a href='?page_no=30478'>30478<\/a><\/li>\n\n\n\n<li><a href='?page_no=30479'>30479<\/a><\/li>\n\n\n\n<li><a>...<\/a><\/li>\n\n\n\n<li><a href='?page_no=31963'>31963<\/a><\/li>\n\n\n\n<li><a href='?page_no=31964'>31964<\/a><\/li>\n\n    \n\t\n\n<li >\n\t<a href='?page_no=30478'>Next<\/a>\n\t<\/li>\n\n\n    \n\n<li><a href='?page_no=31964'>Last &rsaquo;&rsaquo;<\/a><\/li>\n\n<\/ul>\n\n\n--><br \/>\n<\/body><\/p>\n","protected":false},"excerpt":{"rendered":"<p>Santo Domingo.-El Fiscal del Distrito nacional inform\u00f3 que los acusados por lavado de activos provenientes del narcotr\u00e1fico Sobeida F\u00e9lix Morel, Sammy Daujary, Mary Pel\u00e1ez, Juan Jos\u00e9 Gonz\u00e1lez Ibarra y Ricardo Ivanovich Smeter est\u00e1n en la lista de potenciales extraditables a Puerto Rico. De acuerdo con el peri\u00f3dico El Vocero, de Puerto Rico, Alejandro Moscoso Segarra [&hellip;]<\/p>\n","protected":false},"author":3,"featured_media":0,"comment_status":"open","ping_status":"open","sticky":false,"template":"","format":"standard","meta":{"footnotes":""},"categories":[24],"tags":[],"class_list":["post-155309","post","type-post","status-publish","format-standard","hentry","category-justicia-y-derecho"],"_links":{"self":[{"href":"https:\/\/diariodominicano.com\/index.php?rest_route=\/wp\/v2\/posts\/155309","targetHints":{"allow":["GET"]}}],"collection":[{"href":"https:\/\/diariodominicano.com\/index.php?rest_route=\/wp\/v2\/posts"}],"about":[{"href":"https:\/\/diariodominicano.com\/index.php?rest_route=\/wp\/v2\/types\/post"}],"author":[{"embeddable":true,"href":"https:\/\/diariodominicano.com\/index.php?rest_route=\/wp\/v2\/users\/3"}],"replies":[{"embeddable":true,"href":"https:\/\/diariodominicano.com\/index.php?rest_route=%2Fwp%2Fv2%2Fcomments&post=155309"}],"version-history":[{"count":0,"href":"https:\/\/diariodominicano.com\/index.php?rest_route=\/wp\/v2\/posts\/155309\/revisions"}],"wp:attachment":[{"href":"https:\/\/diariodominicano.com\/index.php?rest_route=%2Fwp%2Fv2%2Fmedia&parent=155309"}],"wp:term":[{"taxonomy":"category","embeddable":true,"href":"https:\/\/diariodominicano.com\/index.php?rest_route=%2Fwp%2Fv2%2Fcategories&post=155309"},{"taxonomy":"post_tag","embeddable":true,"href":"https:\/\/diariodominicano.com\/index.php?rest_route=%2Fwp%2Fv2%2Ftags&post=155309"}],"curies":[{"name":"wp","href":"https:\/\/api.w.org\/{rel}","templated":true}]}}