{"id":155308,"date":"2010-11-23T21:44:49","date_gmt":"2010-11-23T21:44:49","guid":{"rendered":"http:\/\/diariodominicano.ddns.net\/?p=155308"},"modified":"2010-11-23T21:44:49","modified_gmt":"2010-11-23T21:44:49","slug":"bm-aprueba-prestamo-de-us150-millones-para-educacion-y-salud","status":"publish","type":"post","link":"https:\/\/diariodominicano.com\/?p=155308","title":{"rendered":"&#13;BM aprueba pr\u00e9stamo de US$150 millones para educaci\u00f3n y salud"},"content":{"rendered":"<p><body><\/p>\n<p><img decoding=\"async\" src=\"http:\/\/localhost:8080\/justiciayderecho\/img3\/sede-del-banco-mundial.jpg\" \/>  <\/p>\n<\/p>\n<p><span class=\"text1noticias\">Washington.-El Directorio Ejecutivo del Banco Mundial aprob\u00f3 hoy un pr\u00e9stamo de US$150 millones para la Rep\u00fablica Dominicana, para ser invertido en las \u00e1reas de protecci\u00f3n social, principalmente en educaci\u00f3n y Salud.<\/span><\/p>\n<\/p>\n<p><span class=\"text1noticias\">El desembolso de los recursos del organismo busca ampliar el capital humano, y mejorar la transparencia y calidad del gasto p\u00fablico.<\/span><\/p>\n<\/p>\n<p><span class=\"text1noticias\">De acuerdo a un documento dado a conocer hoy por el organismo internacional, estos recursos se utilizar\u00e1n para apoyar las pol\u00edticas sociales del gobierno a trav\u00e9s del Gabinete Social para garantizar v\u00eda el programa Solidaridad, el acceso a educaci\u00f3n, salud y nutrici\u00f3n a m\u00e1s de 600 mil hogares pobres. <\/span><\/p>\n<\/p>\n<p><span class=\"text1noticias\">El documento indica que el Banco Mundial reconoce los avances en el proceso de transformaci\u00f3n del programa Solidaridad integrado ahora dentro de otros programas sociales. <\/span><\/p>\n<\/p>\n<p><span class=\"text1noticias\">Se\u00f1ala que los esfuerzos del Gabinete Social y de los Ministerios de Salud y Educaci\u00f3n est\u00e1n enfocados en los temas de mejora de capital humano y el cierre de la brecha entre la oferta y demanda de educaci\u00f3n, salud y nutrici\u00f3n.<\/span><\/p>\n<\/p>\n<p><span class=\"text1noticias\">El organismo indica que Vicente Bengoa, ministro de Hacienda, dijo que este desembolso est\u00e1 contemplado en el presupuesto aprobado por el Congreso Nacional y que ayudar\u00e1 a cerrar el a\u00f1o fiscal satisfactoriamente. <\/span><\/p>\n<\/p>\n<p><span class=\"text1noticias\">\u00c9sta es la segunda operaci\u00f3n de una serie de tres Pr\u00e9stamos sobre Desempe\u00f1o por  Resultados y Rendici\u00f3n de Cuentas en los sectores Sociales, y estaba contemplada en la Alianza Estrat\u00e9gica del Banco Mundial con el pa\u00eds para el Per\u00edodo 2010-2013.<\/span><\/p>\n<\/p>\n<h6> 2010-11-23 21:44:49 <\/h6>\n<p><!--\n<link rel=\"stylesheet\" href=\"css\/bootstrap.min.css\">\n\n\n<ul class=\"pagination\">\n\t    \n\t\n\n<li >\n\t<a href='?page_no=30475'>Previous<\/a>\n\t<\/li>\n\n\n       \n    \n\n<li><a href='?page_no=1'>1<\/a><\/li>\n\n\n\n<li><a href='?page_no=2'>2<\/a><\/li>\n\n\n\n<li><a>...<\/a><\/li>\n\n\n\n<li><a href='?page_no=30474'>30474<\/a><\/li>\n\n\n\n<li><a href='?page_no=30475'>30475<\/a><\/li>\n\n\n\n<li class='active'><a>30476<\/a><\/li>\n\n\n\n<li><a href='?page_no=30477'>30477<\/a><\/li>\n\n\n\n<li><a href='?page_no=30478'>30478<\/a><\/li>\n\n\n\n<li><a>...<\/a><\/li>\n\n\n\n<li><a href='?page_no=31963'>31963<\/a><\/li>\n\n\n\n<li><a href='?page_no=31964'>31964<\/a><\/li>\n\n    \n\t\n\n<li >\n\t<a href='?page_no=30477'>Next<\/a>\n\t<\/li>\n\n\n    \n\n<li><a href='?page_no=31964'>Last &rsaquo;&rsaquo;<\/a><\/li>\n\n<\/ul>\n\n\n--><br \/>\n<\/body><\/p>\n","protected":false},"excerpt":{"rendered":"<p>Washington.-El Directorio Ejecutivo del Banco Mundial aprob\u00f3 hoy un pr\u00e9stamo de US$150 millones para la Rep\u00fablica Dominicana, para ser invertido en las \u00e1reas de protecci\u00f3n social, principalmente en educaci\u00f3n y Salud. El desembolso de los recursos del organismo busca ampliar el capital humano, y mejorar la transparencia y calidad del gasto p\u00fablico. De acuerdo a [&hellip;]<\/p>\n","protected":false},"author":3,"featured_media":0,"comment_status":"open","ping_status":"open","sticky":false,"template":"","format":"standard","meta":{"footnotes":""},"categories":[24],"tags":[],"class_list":["post-155308","post","type-post","status-publish","format-standard","hentry","category-justicia-y-derecho"],"_links":{"self":[{"href":"https:\/\/diariodominicano.com\/index.php?rest_route=\/wp\/v2\/posts\/155308","targetHints":{"allow":["GET"]}}],"collection":[{"href":"https:\/\/diariodominicano.com\/index.php?rest_route=\/wp\/v2\/posts"}],"about":[{"href":"https:\/\/diariodominicano.com\/index.php?rest_route=\/wp\/v2\/types\/post"}],"author":[{"embeddable":true,"href":"https:\/\/diariodominicano.com\/index.php?rest_route=\/wp\/v2\/users\/3"}],"replies":[{"embeddable":true,"href":"https:\/\/diariodominicano.com\/index.php?rest_route=%2Fwp%2Fv2%2Fcomments&post=155308"}],"version-history":[{"count":0,"href":"https:\/\/diariodominicano.com\/index.php?rest_route=\/wp\/v2\/posts\/155308\/revisions"}],"wp:attachment":[{"href":"https:\/\/diariodominicano.com\/index.php?rest_route=%2Fwp%2Fv2%2Fmedia&parent=155308"}],"wp:term":[{"taxonomy":"category","embeddable":true,"href":"https:\/\/diariodominicano.com\/index.php?rest_route=%2Fwp%2Fv2%2Fcategories&post=155308"},{"taxonomy":"post_tag","embeddable":true,"href":"https:\/\/diariodominicano.com\/index.php?rest_route=%2Fwp%2Fv2%2Ftags&post=155308"}],"curies":[{"name":"wp","href":"https:\/\/api.w.org\/{rel}","templated":true}]}}