{"id":155307,"date":"2010-11-23T21:56:57","date_gmt":"2010-11-23T21:56:57","guid":{"rendered":"http:\/\/diariodominicano.ddns.net\/?p=155307"},"modified":"2010-11-23T21:56:57","modified_gmt":"2010-11-23T21:56:57","slug":"vicepresidente-destaca-efectividad-inversion-del-gobierno-en-politica-social","status":"publish","type":"post","link":"https:\/\/diariodominicano.com\/?p=155307","title":{"rendered":"Vicepresidente destaca efectividad inversi\u00f3n del gobierno en pol\u00edtica social"},"content":{"rendered":"<p><body><\/p>\n<p><img decoding=\"async\" src=\"http:\/\/localhost:8080\/justiciayderecho\/img3\/vice destaca.JPG\" \/>  <\/p>\n<\/p>\n<p><span class=\"text1noticias\">Santo  Domingo.- El vicepresidente de la Rep\u00fablica, doctor Rafael Alburquerque, afirm\u00f3 este martes que el Gobierno del Presidente Leonel Fern\u00e1ndez trabaja para mantener el Desarrollo Sostenible y la Estabilidad Macroecon\u00f3mica del pa\u00eds, al tiempo que vaticin\u00f3 que seg\u00fan cifras oficiales la inflaci\u00f3n no pasar\u00e1 de un 7 por ciento este a\u00f1o.<\/span><\/p>\n<p><span class=\"text1noticias\"> <\/span><\/p>\n<p><span class=\"text1noticias\">Tras dictar la conferencia magistral \u00abLogros y Desaf\u00edos de la Pol\u00edtica Social del Gobierno del Presidente Leonel Fern\u00e1ndez\u00bb, en el Sal\u00f3n Verde del Palacio Nacional, Alburquerque indic\u00f3 que pese a los recortes presupuestarios realizados por el Gobierno de acuerdo a requerimientos del Fondo Monetario Internacional (FMI), los recursos destinados al \u00e1rea social del Gobierno est\u00e1n  \u00abBlindado\u00bb.<\/span><\/p>\n<p><span class=\"text1noticias\"> <\/span><\/p>\n<p><span class=\"text1noticias\">Detall\u00f3 que en el \u00e1rea de la Salud, seguir\u00e1n ampliando la cobertura del R\u00e9gimen Subsidiado de la Seguridad Social, el cual pas\u00f3 de 50 mil afiliados pobres en el 2004 a un Mill\u00f3n 800 mil en la actualidad, con una inversi\u00f3n de m\u00e1s de 9 mil 201 millones de pesos, que sumados a los 11 mil millones invertidos por el Gobierno en el \u00e1rea de Protecci\u00f3n Social, suman unos 20 mil millones de pesos destinados a la Lucha Contra la Pobreza.<\/span><\/p>\n<p><span class=\"text1noticias\"> <\/span><\/p>\n<p><span class=\"text1noticias\">Record\u00f3 asimismo, que a la salida del presente Gobierno en el a\u00f1o 2000, el \u00edndice de Pobreza se situaba en  27.2%; en tanto que el de Hip\u00f3lito Mej\u00eda y el PRD lo increment\u00f3 en 45.5%, y en la actualidad ya lo han reducido en 33.5%, seg\u00fan cifras oficiales; al igual que los niveles de indigencias, que en el a\u00f1o 2000 rondaba el 16% y hoy se ha reducido en 10.4%.<\/span><\/p>\n<p><span class=\"text1noticias\"> <\/span><\/p>\n<p><span class=\"text1noticias\">El vicepresidente explic\u00f3 que no obstante el alegado reclamo de algunos sectores, con relaci\u00f3n a la inversi\u00f3n  de un 4% en la Educaci\u00f3n, el presente gobierno ha priorizado en \u00abla Calidad\u00bb de la Educaci\u00f3n, elevando en un 67% el salario de los maestros; en tanto que ha hecho una inversi\u00f3n de 94 millones de pesos en la educaci\u00f3n de los profesores y profesoras.<\/span><\/p>\n<p><span class=\"text1noticias\"> <\/span><\/p>\n<p><span class=\"text1noticias\">Refiri\u00f3 adem\u00e1s, que el Gobierno ha destinado cerca de 17 millones de pesos diarios en el Desayuno Escolar, beneficiando a un mill\u00f3n 500 mil alumnos; mientras unas 205 mil 800 familias pobres, beneficiarias del Programa Solidaridad, reciben el subsidio al Incentivo a la Asistencia Escolar (ILAE), con una inversi\u00f3n de 731 millones el pesos al a\u00f1o.<\/span><\/p>\n<p><span class=\"text1noticias\"> <\/span><\/p>\n<p><span class=\"text1noticias\">Entre dichos beneficios cit\u00f3 adem\u00e1s, la entrega de \u00fatiles escolares a cerca de 370 mil alumnos, en tanto que unos 5 mil facilitadores m\u00e1s, se han sumado este a\u00f1o al Programa Nacional de Alfabetizaci\u00f3n, el cual ya ha beneficiado a cerca de 300 mil ni\u00f1os y adultos este a\u00f1o; a lo que tambi\u00e9n se suman unas 8 mil becas para cursos locales y otras 12 mil para especialidades en el extranjero, entregadas por el Ministerio de Educaci\u00f3n Superior.<\/span><\/p>\n<p><span class=\"text1noticias\"> <\/span><\/p>\n<p><span class=\"text1noticias\">Dentro del \u00e1rea social, en construcci\u00f3n de viviendas, tambi\u00e9n cit\u00f3 la edificaci\u00f3n de 109 mil 354 soluciones habitacionales; en tanto que en recursos Agua Potable, inform\u00f3 que el gobierno ha construido unos 85 nuevos acueductos en todo el pa\u00eds, que benefician a costo ascendente a unos 95 millones de pesos.<\/span><\/p>\n<p><span class=\"text1noticias\"> <\/span><\/p>\n<p><span class=\"text1noticias\">Revel\u00f3 asimismo, que a trav\u00e9s de un pr\u00e9stamo de un financiamiento internacional, aumentar\u00e1n la cobertura de los programas de Salud un 100%, el cual lograr\u00e1 que a trav\u00e9s de las Unidades de Atenci\u00f3n Primarias (UAP), se eficientizen los servicios y cobertura de los Programas de Salud; en los cuales ya hay debidamente registrado cerca de un mill\u00f3n 600 mil 433 beneficiarios del Programa Solidaridad. <\/span><\/p>\n<p><span class=\"text1noticias\"> <\/span><\/p>\n<p><span class=\"text1noticias\">Indic\u00f3 adem\u00e1s, que el mill\u00f3n 600 mil 433 familias beneficiarias el Programa Solidaridad, del cual se benefician directa e indirectamente cerca de 4 millones de dominicanos, inscriptos en la UAP, tambi\u00e9n se benefician de atenciones m\u00e9dicas en los mismos sectores y parajes donde residen, a fin de descongestionar los hospitales p\u00fablicos locales y regionales; quienes tambi\u00e9n cuentan con 3 mil 500  millones de pesos en medicamentos esenciales distribuidos por PROMESE.<\/span><\/p>\n<p><span class=\"text1noticias\"> <\/span><\/p>\n<p><span class=\"text1noticias\">Destac\u00f3 que la inversi\u00f3n presupuestaria en el \u00e1rea de Pol\u00edtica Social del Gobierno en el pasado a\u00f1o 2009 y el actual, ronda los 5 mil millones de pesos al a\u00f1o, lo que sumado a los casi 4  mil millones de pesos invertido en los subsidios focalizados, pero no de Transferencia Condicionada, como el Bono-Gas y m\u00e1s recientemente el Bono-Luz, suman unos 9 mil millones de pesos a\u00f1o, invertidos en programas focalizados.<\/span><\/p>\n<p><span class=\"text1noticias\"> <\/span><\/p>\n<p><span class=\"text1noticias\">Record\u00f3 asimismo, que la inversi\u00f3n social del Gobierno, derivada del Gasto P\u00fablico, ascendi\u00f3 de 0.4%  en el 2004  a 2.36% en el 2009, lo que dijo significa que el Presidente Leonel Fern\u00e1ndez siempre ha priorizado la inversi\u00f3n en el Gasto Social.<\/span><\/p>\n<p><span class=\"text1noticias\"> <\/span><\/p>\n<p><span class=\"text1noticias\">Dijo por ello el vicepresidente, que desde la llegada al Poder por 2da vez del Presidente Leonel Fern\u00e1ndez en el a\u00f1o 2004, se dise\u00f1\u00f3 una Pol\u00edtica Social que descans\u00f3 en tres pilares, la Protecci\u00f3n Social, los Servicios Sociales y la Seguridad Social, como forma de enfrentar la dif\u00edcil situaci\u00f3n en que dej\u00f3 al pa\u00eds el gobierno del PRD e Hip\u00f3lito Mej\u00eda.<\/span><\/p>\n<p><span class=\"text1noticias\"> <\/span><\/p>\n<p><span class=\"text1noticias\">A la actividad, que fue organizada por la Direcci\u00f3n de Informaci\u00f3n, Prensa y Publicidad de la Presidencia, junto al Gabinete de Comunicaci\u00f3n de Pol\u00edtica Social, asistieron los ministros de Educaci\u00f3n, Melaneo Paredes, de La Mujer, Alejandrina Germ\u00e1n, de Educaci\u00f3n Superior, Ligia Amado Melo y los directores de los Comedores Econ\u00f3micos, el Programa Solidaridad, del SIUBEN.<\/span><\/p>\n<p><span class=\"text1noticias\"> <\/span><\/p>\n<p><span class=\"text1noticias\">Tambi\u00e9n del Consejo de los Envejecientes, de la Superintendencia de la Seguridad Social, el Sistema \u00danico de Beneficiarios, Comunidad Digna, Pro comunidad, el Seguro Nacional de Salud (SENASA), entre otros.<\/span><\/p>\n<h6> 2010-11-23 21:56:57 <\/h6>\n<p><!--\n<link rel=\"stylesheet\" href=\"css\/bootstrap.min.css\">\n\n\n<ul class=\"pagination\">\n\t    \n\t\n\n<li >\n\t<a href='?page_no=30474'>Previous<\/a>\n\t<\/li>\n\n\n       \n    \n\n<li><a href='?page_no=1'>1<\/a><\/li>\n\n\n\n<li><a href='?page_no=2'>2<\/a><\/li>\n\n\n\n<li><a>...<\/a><\/li>\n\n\n\n<li><a href='?page_no=30473'>30473<\/a><\/li>\n\n\n\n<li><a href='?page_no=30474'>30474<\/a><\/li>\n\n\n\n<li class='active'><a>30475<\/a><\/li>\n\n\n\n<li><a href='?page_no=30476'>30476<\/a><\/li>\n\n\n\n<li><a href='?page_no=30477'>30477<\/a><\/li>\n\n\n\n<li><a>...<\/a><\/li>\n\n\n\n<li><a href='?page_no=31963'>31963<\/a><\/li>\n\n\n\n<li><a href='?page_no=31964'>31964<\/a><\/li>\n\n    \n\t\n\n<li >\n\t<a href='?page_no=30476'>Next<\/a>\n\t<\/li>\n\n\n    \n\n<li><a href='?page_no=31964'>Last &rsaquo;&rsaquo;<\/a><\/li>\n\n<\/ul>\n\n\n--><br \/>\n<\/body><\/p>\n","protected":false},"excerpt":{"rendered":"<p>Santo Domingo.- El vicepresidente de la Rep\u00fablica, doctor Rafael Alburquerque, afirm\u00f3 este martes que el Gobierno del Presidente Leonel Fern\u00e1ndez trabaja para mantener el Desarrollo Sostenible y la Estabilidad Macroecon\u00f3mica del pa\u00eds, al tiempo que vaticin\u00f3 que seg\u00fan cifras oficiales la inflaci\u00f3n no pasar\u00e1 de un 7 por ciento este a\u00f1o. Tras dictar la conferencia [&hellip;]<\/p>\n","protected":false},"author":3,"featured_media":0,"comment_status":"open","ping_status":"open","sticky":false,"template":"","format":"standard","meta":{"footnotes":""},"categories":[24],"tags":[],"class_list":["post-155307","post","type-post","status-publish","format-standard","hentry","category-justicia-y-derecho"],"_links":{"self":[{"href":"https:\/\/diariodominicano.com\/index.php?rest_route=\/wp\/v2\/posts\/155307","targetHints":{"allow":["GET"]}}],"collection":[{"href":"https:\/\/diariodominicano.com\/index.php?rest_route=\/wp\/v2\/posts"}],"about":[{"href":"https:\/\/diariodominicano.com\/index.php?rest_route=\/wp\/v2\/types\/post"}],"author":[{"embeddable":true,"href":"https:\/\/diariodominicano.com\/index.php?rest_route=\/wp\/v2\/users\/3"}],"replies":[{"embeddable":true,"href":"https:\/\/diariodominicano.com\/index.php?rest_route=%2Fwp%2Fv2%2Fcomments&post=155307"}],"version-history":[{"count":0,"href":"https:\/\/diariodominicano.com\/index.php?rest_route=\/wp\/v2\/posts\/155307\/revisions"}],"wp:attachment":[{"href":"https:\/\/diariodominicano.com\/index.php?rest_route=%2Fwp%2Fv2%2Fmedia&parent=155307"}],"wp:term":[{"taxonomy":"category","embeddable":true,"href":"https:\/\/diariodominicano.com\/index.php?rest_route=%2Fwp%2Fv2%2Fcategories&post=155307"},{"taxonomy":"post_tag","embeddable":true,"href":"https:\/\/diariodominicano.com\/index.php?rest_route=%2Fwp%2Fv2%2Ftags&post=155307"}],"curies":[{"name":"wp","href":"https:\/\/api.w.org\/{rel}","templated":true}]}}