{"id":155306,"date":"2010-11-23T22:40:06","date_gmt":"2010-11-23T22:40:06","guid":{"rendered":"http:\/\/diariodominicano.ddns.net\/?p=155306"},"modified":"2010-11-23T22:40:06","modified_gmt":"2010-11-23T22:40:06","slug":"autoridades-aeroportuarias-facilitaran-llegada-al-pais-de-dominicanos-ausentes-para-el-mes-de-diciembre","status":"publish","type":"post","link":"https:\/\/diariodominicano.com\/?p=155306","title":{"rendered":"Autoridades aeroportuarias facilitaran llegada al pa\u00eds de dominicanos ausentes para el mes de Diciembre&#13;"},"content":{"rendered":"<p><body><\/p>\n<p><img decoding=\"async\" src=\"img3\/cota lama.jpg\" \/>  <\/p>\n<p><strong><span class=\"text1noticias\">Por Anabel Aristy<\/span><\/strong><\/p>\n<p><strong><span class=\"text1noticias\">Santo Domingo.-<\/span><\/strong><span class=\"text1noticias\">El Director de las delegaciones aeroportuarias Carlos Costa Lama Informo que como todos los a\u00f1os el  gobierno dominicano atreves del Departamento General de Aduanas  (DGA) y la direcci\u00f3n del departamento aeroportuario, buscan facilitarle el proceso a las miles de personas que para las fechas navide\u00f1as visitan la Rep\u00fablica Dominicana, sin implicar esto una vulnerabilidad en la seguridad que debe existir a la hora de hacer los chequeos , respetando siempre los reglamentos establecidos por la Administraci\u00f3n en Seguridad de Transportaci\u00f3n de Estados Unidos (TSA) .<\/span><\/p>\n<\/p>\n<p><span class=\"text1noticias\">Costa Lama destaco la labor de los grupos que interact\u00faan el aeropuerto entre ellos, Sanidad Vegetal, Sanidad Animal, Direcci\u00f3n General de Migraci\u00f3n(DGM), y la  Direcci\u00f3n de Inteligencia del Estado Mayor Conjunto del Ministerio de las Fuerzas Armadas (J-2), entre otros, qu\u00e9 se han dado a la tarea de formar un peque\u00f1o grupo ?consulo?  tratando de buscar que el pasajero se sienta como en casa a la hora de pisar suelo dominicano y mejorar el proceso tanto de agilizaci\u00f3n como de la seguridad misma que debe de haber en el campo de aviaci\u00f3n.<\/span><\/p>\n<\/p>\n<p><span class=\"text1noticias\">Al  participar en el Programa En Primera Fila que se transmite cada d\u00eda por el canal 21, conducido por los periodistas Freddy Sandoval y Mario Rivadulla, el tambi\u00e9n sub-director del Aeropuerto de las Am\u00e9ricas indico que para este a\u00f1o se esperan unos 40mil pasajeros adicionales a la cantidad del a\u00f1o pasado, lo que dar\u00eda una cifra de ingreso de unas 250mil personas, solo  en el mes de diciembre.<\/span><\/p>\n<\/p>\n<p><span class=\"text1noticias\">Como parte de las medidas de facilitaci\u00f3n este a\u00f1o el gobierno ha ampliado de mil quinientos a dos mil d\u00f3lares el l\u00edmite de los valores que podr\u00e1n traer los pasajeros, que tengan m\u00e1s de seis meses fuera del pa\u00eds, totalmente exento  de impuestos. <\/span><\/p>\n<\/p>\n<p><span class=\"text1noticias\">?Cabe destacar que se est\u00e1 trabajando conjuntamente con la  empresa dominicana AERODOM(Aeropuertos Dominicanos Siglo XXI ), ya que los aeropuertos de aqu\u00ed son una parte privados y la otra posesionados y esta tiene la mayor\u00eda de los aeropuertos del pa\u00eds y conjuntamente con ellos como administradores y operadores este comit\u00e9 de facilitaci\u00f3n encausa los mismos esfuerzos, con la finalidad \u00fanica de corregir los entuertos que se nos presentaron el a\u00f1o pasado y tratar de mejorar y garantizarle un servicio de calidad eficiente a los dominicanos ausentes que viene al pa\u00eds?. <\/span><\/p>\n<\/p>\n<p><span class=\"text1noticias\">Apunto el Dirigente y a\u00f1adi\u00f3 que las medidas de aduana son generales para todo  lo que tiene que ver con entrada y salida en los  puertos y aeropuertos del pa\u00eds.<\/span><\/p>\n<\/p>\n<p><span class=\"text1noticias\">El dirigente denuncio tres bandas de delincuentes que se han desmantelado gracias a la vigilancia muy discreta que se ha montado desde las \u00e1reas p\u00fablicas del aeropuerto y las rutas que comprenden el  trayecto que va desde el puerto hasta la capital.<\/span><\/p>\n<\/p>\n<p><span class=\"text1noticias\">Al concluir su participaci\u00f3n en el programa En Primera Fila, El licenciado Costa Lama aseguro que no dar\u00e1n tregua en la lucha para evitar el uso de los aeropuertos para traficar con droga narc\u00f3tica y el lavado de dinero, actividades que se han estado realizando en los \u00faltimos a\u00f1os.<\/span><\/p>\n<h6> 2010-11-23 22:40:06 <\/h6>\n<p><!--\n<link rel=\"stylesheet\" href=\"css\/bootstrap.min.css\">\n\n\n<ul class=\"pagination\">\n\t    \n\t\n\n<li >\n\t<a href='?page_no=30473'>Previous<\/a>\n\t<\/li>\n\n\n       \n    \n\n<li><a href='?page_no=1'>1<\/a><\/li>\n\n\n\n<li><a href='?page_no=2'>2<\/a><\/li>\n\n\n\n<li><a>...<\/a><\/li>\n\n\n\n<li><a href='?page_no=30472'>30472<\/a><\/li>\n\n\n\n<li><a href='?page_no=30473'>30473<\/a><\/li>\n\n\n\n<li class='active'><a>30474<\/a><\/li>\n\n\n\n<li><a href='?page_no=30475'>30475<\/a><\/li>\n\n\n\n<li><a href='?page_no=30476'>30476<\/a><\/li>\n\n\n\n<li><a>...<\/a><\/li>\n\n\n\n<li><a href='?page_no=31963'>31963<\/a><\/li>\n\n\n\n<li><a href='?page_no=31964'>31964<\/a><\/li>\n\n    \n\t\n\n<li >\n\t<a href='?page_no=30475'>Next<\/a>\n\t<\/li>\n\n\n    \n\n<li><a href='?page_no=31964'>Last &rsaquo;&rsaquo;<\/a><\/li>\n\n<\/ul>\n\n\n--><br \/>\n<\/body><\/p>\n","protected":false},"excerpt":{"rendered":"<p>Por Anabel Aristy Santo Domingo.-El Director de las delegaciones aeroportuarias Carlos Costa Lama Informo que como todos los a\u00f1os el gobierno dominicano atreves del Departamento General de Aduanas (DGA) y la direcci\u00f3n del departamento aeroportuario, buscan facilitarle el proceso a las miles de personas que para las fechas navide\u00f1as visitan la Rep\u00fablica Dominicana, sin implicar [&hellip;]<\/p>\n","protected":false},"author":3,"featured_media":0,"comment_status":"open","ping_status":"open","sticky":false,"template":"","format":"standard","meta":{"footnotes":""},"categories":[24],"tags":[],"class_list":["post-155306","post","type-post","status-publish","format-standard","hentry","category-justicia-y-derecho"],"_links":{"self":[{"href":"https:\/\/diariodominicano.com\/index.php?rest_route=\/wp\/v2\/posts\/155306","targetHints":{"allow":["GET"]}}],"collection":[{"href":"https:\/\/diariodominicano.com\/index.php?rest_route=\/wp\/v2\/posts"}],"about":[{"href":"https:\/\/diariodominicano.com\/index.php?rest_route=\/wp\/v2\/types\/post"}],"author":[{"embeddable":true,"href":"https:\/\/diariodominicano.com\/index.php?rest_route=\/wp\/v2\/users\/3"}],"replies":[{"embeddable":true,"href":"https:\/\/diariodominicano.com\/index.php?rest_route=%2Fwp%2Fv2%2Fcomments&post=155306"}],"version-history":[{"count":0,"href":"https:\/\/diariodominicano.com\/index.php?rest_route=\/wp\/v2\/posts\/155306\/revisions"}],"wp:attachment":[{"href":"https:\/\/diariodominicano.com\/index.php?rest_route=%2Fwp%2Fv2%2Fmedia&parent=155306"}],"wp:term":[{"taxonomy":"category","embeddable":true,"href":"https:\/\/diariodominicano.com\/index.php?rest_route=%2Fwp%2Fv2%2Fcategories&post=155306"},{"taxonomy":"post_tag","embeddable":true,"href":"https:\/\/diariodominicano.com\/index.php?rest_route=%2Fwp%2Fv2%2Ftags&post=155306"}],"curies":[{"name":"wp","href":"https:\/\/api.w.org\/{rel}","templated":true}]}}