{"id":155304,"date":"2010-11-24T19:22:39","date_gmt":"2010-11-24T19:22:39","guid":{"rendered":"http:\/\/diariodominicano.ddns.net\/?p=155304"},"modified":"2010-11-24T19:22:39","modified_gmt":"2010-11-24T19:22:39","slug":"mandatario-asegura-se-adoptan-las-medidas-pertinentes-para-solucionar-crisis-energetica","status":"publish","type":"post","link":"https:\/\/diariodominicano.com\/?p=155304","title":{"rendered":"Mandatario asegura se adoptan las medidas pertinentes para solucionar crisis energ\u00e9tica  &#13;"},"content":{"rendered":"<p><body><\/p>\n<p><img decoding=\"async\" src=\"http:\/\/localhost:8080\/justiciayderecho\/img3\/Leonel Fernandez R, Pte.jpg\" \/>  <\/p>\n<p><span class=\"text1noticias\">SANTIAGO.- El presidente Leonel Fern\u00e1ndez asegur\u00f3 que se siente m\u00e1s optimista que nunca respecto a la soluci\u00f3n del problema de la energ\u00eda el\u00e9ctrica en la Rep\u00fablica Dominicana, en raz\u00f3n de que se est\u00e1n tomando todas las medidas que tienen que tomarse para resolver la situaci\u00f3n.<\/span><\/p>\n<\/p>\n<p><span class=\"text1noticias\">El Mandatario asegur\u00f3 que para el pr\u00f3ximo a\u00f1o el gobierno seguir\u00e1 invirtiendo en el sector el\u00e9ctrico para reducir los cortes en la energ\u00eda el\u00e9ctrica y que  para ello se instalar\u00e1n los primeros 100 megavatios mediante energ\u00eda e\u00f3lica y 285 adicionales que se producir\u00e1n a trav\u00e9s de energ\u00eda hidroel\u00e9ctrica.<\/span><\/p>\n<p><span class=\"text1noticias\">Adelant\u00f3 que al 2012 se tendr\u00eda el 60 por ciento de la capacidad de generaci\u00f3n instalada que pueda funcionar con gas natural.<\/span><\/p>\n<\/p>\n<p><span class=\"text1noticias\">Fern\u00e1ndez precis\u00f3 que se avanza en la direcci\u00f3n correcta en un proceso de cambio de la matriz energ\u00e9tica de la generaci\u00f3n.<\/span><\/p>\n<\/p>\n<p><span class=\"text1noticias\">El Jefe de Estado record\u00f3 que el proyecto de capitalizaci\u00f3n del sector el\u00e9ctrico fue el inicio de la v\u00eda correcta, donde se increment\u00f3 la generaci\u00f3n, que en el 1996 era de mil 400 megavatios. ?Y la colocamos en casi tres mil megavatios como resultado del proceso de capitalizaci\u00f3n en la generaci\u00f3n, o sea funcion\u00f3?, agreg\u00f3. <\/span><\/p>\n<\/p>\n<p><span class=\"text1noticias\">Afirm\u00f3 que el proceso iba en buena direcci\u00f3n en el per\u00edodo 2002-2003 hasta que se negoci\u00f3 con los generadores hasta el 2015, lo que,  a su juicio, genera el desincentivo a nuevas inversiones en el sector generaci\u00f3n. <\/span><\/p>\n<\/p>\n<p><span class=\"text1noticias\">?Pero en estos momentos lo que procede entonces es seguir incrementando la capacidad de generaci\u00f3n con inversi\u00f3n privada?, acot\u00f3 el Gobernante.<\/span><\/p>\n<\/p>\n<p><span class=\"text1noticias\">Indic\u00f3 que ese proceso se ha iniciado tomando en cuenta que el sector privado ha vuelto a invertir. ?Y me manifiesta continuamente en el plano nacional e internacional una vocaci\u00f3n de inversi\u00f3n en el sector el\u00e9ctrico\u00bb, enfatiz\u00f3.<\/span><\/p>\n<\/p>\n<p><span class=\"text1noticias\">Fern\u00e1ndez a\u00f1adi\u00f3 que eso va a permitir resolver el problema de la matriz energ\u00e9tica en la generaci\u00f3n, y observ\u00f3 que en lugar de gasoil, de full oil van a producir con gas natural, cuyo precio se est\u00e1 negociando, en virtud de que son diferentes en los mercados.<\/span><\/p>\n<\/p>\n<p><span class=\"text1noticias\">En ese sentido, manifest\u00f3 que se est\u00e1 diversificando esa matriz, disminuyendo los combustibles caros e incorporando un tipo de combustible barato, carb\u00f3n con bajo azufre para que no contamine,  ?porque Rep\u00fablica Dominicana tampoco puede entrar en el ciclo de los pa\u00edses productores de energ\u00eda con carb\u00f3n que son contaminantes en el medio ambiente?, apunt\u00f3 Fern\u00e1ndez.<\/span><\/p>\n<\/p>\n<p><span class=\"text1noticias\">En lo referente a la distribuci\u00f3n, el Presidente sugiere que debe trabajarse en un proyecto de instalaci\u00f3n  de medidores y de un mecanismo de prepago para profesionalizar los mecanismos de cobros que requiere el sector el\u00e9ctrico y establecer circuitos individualizados para no cometer injusticia con los que cumplen con sus obligaciones por el servicio prestado.<\/span><\/p>\n<\/p>\n<p><span class=\"text1noticias\">El presidente Fern\u00e1ndez entiende que el tema el\u00e9ctrico es complejo y data de a\u00f1os, ?pero afortunadamente creo que hemos encontrado el camino para avanzar en esa direcci\u00f3n?.<\/span><\/p>\n<\/p>\n<p><span class=\"text1noticias\">Al respecto, se mostr\u00f3 seguro que \u00aben base al esfuerzo, a la dedicaci\u00f3n y a la pasi\u00f3n con que se asumen las cosas en la Rep\u00fablica Dominicana terminaremos por acabar con la era de los apagones?, expres\u00f3 el Mandatario, al hablar durante el almuerzo-conferencia que ofreci\u00f3 la Asociaci\u00f3n de Industriales de la Regi\u00f3n Norte, en ocasi\u00f3n de su 25 aniversario, celebrado en el hotel Almirante de Santiago.<\/span><\/p>\n<\/p>\n<h6> 2010-11-24 19:22:39 <\/h6>\n<p><!--\n<link rel=\"stylesheet\" href=\"css\/bootstrap.min.css\">\n\n\n<ul class=\"pagination\">\n\t    \n\t\n\n<li >\n\t<a href='?page_no=30471'>Previous<\/a>\n\t<\/li>\n\n\n       \n    \n\n<li><a href='?page_no=1'>1<\/a><\/li>\n\n\n\n<li><a href='?page_no=2'>2<\/a><\/li>\n\n\n\n<li><a>...<\/a><\/li>\n\n\n\n<li><a href='?page_no=30470'>30470<\/a><\/li>\n\n\n\n<li><a href='?page_no=30471'>30471<\/a><\/li>\n\n\n\n<li class='active'><a>30472<\/a><\/li>\n\n\n\n<li><a href='?page_no=30473'>30473<\/a><\/li>\n\n\n\n<li><a href='?page_no=30474'>30474<\/a><\/li>\n\n\n\n<li><a>...<\/a><\/li>\n\n\n\n<li><a href='?page_no=31963'>31963<\/a><\/li>\n\n\n\n<li><a href='?page_no=31964'>31964<\/a><\/li>\n\n    \n\t\n\n<li >\n\t<a href='?page_no=30473'>Next<\/a>\n\t<\/li>\n\n\n    \n\n<li><a href='?page_no=31964'>Last &rsaquo;&rsaquo;<\/a><\/li>\n\n<\/ul>\n\n\n--><br \/>\n<\/body><\/p>\n","protected":false},"excerpt":{"rendered":"<p>SANTIAGO.- El presidente Leonel Fern\u00e1ndez asegur\u00f3 que se siente m\u00e1s optimista que nunca respecto a la soluci\u00f3n del problema de la energ\u00eda el\u00e9ctrica en la Rep\u00fablica Dominicana, en raz\u00f3n de que se est\u00e1n tomando todas las medidas que tienen que tomarse para resolver la situaci\u00f3n. El Mandatario asegur\u00f3 que para el pr\u00f3ximo a\u00f1o el gobierno [&hellip;]<\/p>\n","protected":false},"author":3,"featured_media":0,"comment_status":"open","ping_status":"open","sticky":false,"template":"","format":"standard","meta":{"footnotes":""},"categories":[24],"tags":[],"class_list":["post-155304","post","type-post","status-publish","format-standard","hentry","category-justicia-y-derecho"],"_links":{"self":[{"href":"https:\/\/diariodominicano.com\/index.php?rest_route=\/wp\/v2\/posts\/155304","targetHints":{"allow":["GET"]}}],"collection":[{"href":"https:\/\/diariodominicano.com\/index.php?rest_route=\/wp\/v2\/posts"}],"about":[{"href":"https:\/\/diariodominicano.com\/index.php?rest_route=\/wp\/v2\/types\/post"}],"author":[{"embeddable":true,"href":"https:\/\/diariodominicano.com\/index.php?rest_route=\/wp\/v2\/users\/3"}],"replies":[{"embeddable":true,"href":"https:\/\/diariodominicano.com\/index.php?rest_route=%2Fwp%2Fv2%2Fcomments&post=155304"}],"version-history":[{"count":0,"href":"https:\/\/diariodominicano.com\/index.php?rest_route=\/wp\/v2\/posts\/155304\/revisions"}],"wp:attachment":[{"href":"https:\/\/diariodominicano.com\/index.php?rest_route=%2Fwp%2Fv2%2Fmedia&parent=155304"}],"wp:term":[{"taxonomy":"category","embeddable":true,"href":"https:\/\/diariodominicano.com\/index.php?rest_route=%2Fwp%2Fv2%2Fcategories&post=155304"},{"taxonomy":"post_tag","embeddable":true,"href":"https:\/\/diariodominicano.com\/index.php?rest_route=%2Fwp%2Fv2%2Ftags&post=155304"}],"curies":[{"name":"wp","href":"https:\/\/api.w.org\/{rel}","templated":true}]}}