{"id":155303,"date":"2010-11-24T19:28:04","date_gmt":"2010-11-24T19:28:04","guid":{"rendered":"http:\/\/diariodominicano.ddns.net\/?p=155303"},"modified":"2010-11-24T19:28:04","modified_gmt":"2010-11-24T19:28:04","slug":"apagon-de-18-minutos-afecta-al-palacio-nacional-este-miercoles-al-mediodia","status":"publish","type":"post","link":"https:\/\/diariodominicano.com\/?p=155303","title":{"rendered":"Apag\u00f3n de 18 minutos afecta al Palacio Nacional este mi\u00e9rcoles al mediod\u00eda"},"content":{"rendered":"<p><body><\/p>\n<p><span class=\"text1noticias\">Por Roberto Rodr\u00edguez <\/span><\/p>\n<p><span class=\"text1noticias\">  <\/span><\/p>\n<p><span class=\"text1noticias\">Santo Domingo.- Un apag\u00f3n por 18 minutos se produjo este mi\u00e9rcoles en el Palacio Nacional siendo las doce y 42 minutos.<\/span><\/p>\n<\/p>\n<p><span class=\"text1noticias\">La falta del fluido el\u00e9ctrico afect\u00f3 todas las actividades cotidianas que se desarrollan en la casa de gobierno diariamente.<\/span><\/p>\n<p><span class=\"text1noticias\"> <\/span><\/p>\n<p><span class=\"text1noticias\">Al  momento que se produjo el apag\u00f3n no entraron en operaci\u00f3n ninguno de los tres circuitos que tiene  la sede principal del gobierno, ni mucho meno la planta de emergencia.<\/span><\/p>\n<p><span class=\"text1noticias\"> <\/span><\/p>\n<p><span class=\"text1noticias\">La falta del fluido el\u00e9ctrico fue atribuida a la explosi\u00f3n que produjo un transformador el\u00e9ctrico al interior del Palacio Nacional.<\/span><\/p>\n<p><span class=\"text1noticias\"> <\/span><\/p>\n<p><span class=\"text1noticias\">De inmediato comenzaron las conjeturas entre muchas empleados del gobierno, sin embargo , varios lugares del las oficinas  fueron vista a oscura y cuando no algunos empleados tuvieron que abrir las ventanas para entre la claridad del d\u00eda .<\/span><\/p>\n<p><span class=\"text1noticias\"> <\/span><\/p>\n<p><span class=\"text1noticias\">Los pasillos est\u00e1n a oscura situaci\u00f3n que fue gravada por los camar\u00f3grafos y fot\u00f3grafos que cubren la casa de gobierno.<\/span><\/p>\n<p><span class=\"text1noticias\"> <\/span><\/p>\n<p><span class=\"text1noticias\">Tan pronto se corrigi\u00f3 la anomal\u00eda en el sistema el\u00e9ctrico en el Palacio  Nacional la normalidad se hizo presente  con la entrada de la planta de emergencia por lo que los t\u00e9cnicos comenzaron a  trabajar para solucionar el problema.<\/span><\/p>\n<h6> 2010-11-24 19:28:04 <\/h6>\n<p><!--\n<link rel=\"stylesheet\" href=\"css\/bootstrap.min.css\">\n\n\n<ul class=\"pagination\">\n\t    \n\t\n\n<li >\n\t<a href='?page_no=30470'>Previous<\/a>\n\t<\/li>\n\n\n       \n    \n\n<li><a href='?page_no=1'>1<\/a><\/li>\n\n\n\n<li><a href='?page_no=2'>2<\/a><\/li>\n\n\n\n<li><a>...<\/a><\/li>\n\n\n\n<li><a href='?page_no=30469'>30469<\/a><\/li>\n\n\n\n<li><a href='?page_no=30470'>30470<\/a><\/li>\n\n\n\n<li class='active'><a>30471<\/a><\/li>\n\n\n\n<li><a href='?page_no=30472'>30472<\/a><\/li>\n\n\n\n<li><a href='?page_no=30473'>30473<\/a><\/li>\n\n\n\n<li><a>...<\/a><\/li>\n\n\n\n<li><a href='?page_no=31963'>31963<\/a><\/li>\n\n\n\n<li><a href='?page_no=31964'>31964<\/a><\/li>\n\n    \n\t\n\n<li >\n\t<a href='?page_no=30472'>Next<\/a>\n\t<\/li>\n\n\n    \n\n<li><a href='?page_no=31964'>Last &rsaquo;&rsaquo;<\/a><\/li>\n\n<\/ul>\n\n\n--><br \/>\n<\/body><\/p>\n","protected":false},"excerpt":{"rendered":"<p>Por Roberto Rodr\u00edguez Santo Domingo.- Un apag\u00f3n por 18 minutos se produjo este mi\u00e9rcoles en el Palacio Nacional siendo las doce y 42 minutos. La falta del fluido el\u00e9ctrico afect\u00f3 todas las actividades cotidianas que se desarrollan en la casa de gobierno diariamente. Al momento que se produjo el apag\u00f3n no entraron en operaci\u00f3n ninguno [&hellip;]<\/p>\n","protected":false},"author":3,"featured_media":0,"comment_status":"open","ping_status":"open","sticky":false,"template":"","format":"standard","meta":{"footnotes":""},"categories":[24],"tags":[],"class_list":["post-155303","post","type-post","status-publish","format-standard","hentry","category-justicia-y-derecho"],"_links":{"self":[{"href":"https:\/\/diariodominicano.com\/index.php?rest_route=\/wp\/v2\/posts\/155303","targetHints":{"allow":["GET"]}}],"collection":[{"href":"https:\/\/diariodominicano.com\/index.php?rest_route=\/wp\/v2\/posts"}],"about":[{"href":"https:\/\/diariodominicano.com\/index.php?rest_route=\/wp\/v2\/types\/post"}],"author":[{"embeddable":true,"href":"https:\/\/diariodominicano.com\/index.php?rest_route=\/wp\/v2\/users\/3"}],"replies":[{"embeddable":true,"href":"https:\/\/diariodominicano.com\/index.php?rest_route=%2Fwp%2Fv2%2Fcomments&post=155303"}],"version-history":[{"count":0,"href":"https:\/\/diariodominicano.com\/index.php?rest_route=\/wp\/v2\/posts\/155303\/revisions"}],"wp:attachment":[{"href":"https:\/\/diariodominicano.com\/index.php?rest_route=%2Fwp%2Fv2%2Fmedia&parent=155303"}],"wp:term":[{"taxonomy":"category","embeddable":true,"href":"https:\/\/diariodominicano.com\/index.php?rest_route=%2Fwp%2Fv2%2Fcategories&post=155303"},{"taxonomy":"post_tag","embeddable":true,"href":"https:\/\/diariodominicano.com\/index.php?rest_route=%2Fwp%2Fv2%2Ftags&post=155303"}],"curies":[{"name":"wp","href":"https:\/\/api.w.org\/{rel}","templated":true}]}}